{"id":122785,"date":"2024-09-02T10:10:23","date_gmt":"2024-09-02T13:10:23","guid":{"rendered":"https:\/\/onordeste.com.br\/?p=122738"},"modified":"2024-09-02T10:10:23","modified_gmt":"2024-09-02T13:10:23","slug":"auditoria-sobre-transicao-energetica-busca-gerar-impactos-positivos-na-economia-e-sociedade","status":"publish","type":"post","link":"https:\/\/iparaiba.com.br\/index.php\/2024\/09\/02\/auditoria-sobre-transicao-energetica-busca-gerar-impactos-positivos-na-economia-e-sociedade\/","title":{"rendered":"Auditoria sobre transi\u00e7\u00e3o energ\u00e9tica busca gerar impactos positivos na economia e sociedade"},"content":{"rendered":"<p>A import\u00e2ncia da\u00a0<strong>transi\u00e7\u00e3o energ\u00e9tica<\/strong>\u00a0tem sido um tema bastante abordado em diferentes segmentos da sociedade. Trata-se de um movimento mundial inevit\u00e1vel para mitiga\u00e7\u00e3o e adapta\u00e7\u00e3o \u00e0s mudan\u00e7as clim\u00e1ticas. Governo e sociedade debatem para que a transi\u00e7\u00e3o gere impactos que superem os motivos econ\u00f4micos e seja impulsionada pela necessidade social da humanidade e sobreviv\u00eancia do planeta como um todo.<\/p>\n<p>No Brasil, a discuss\u00e3o \u00e9 frequente nos setores p\u00fablico e privado pelo fato de que as mudan\u00e7as objetivadas pela transi\u00e7\u00e3o para fontes de energia mais limpas impactam nos setores produtivos, nas pol\u00edticas p\u00fablicas e na vida do cidad\u00e3o. O Tribunal de Contas da Uni\u00e3o (TCU), dentro de suas prerrogativas de \u00f3rg\u00e3o de controle externo, tem participado da tem\u00e1tica, conduzindo auditoria abrangente sobre a\u00a0<a href=\"https:\/\/portal.tcu.gov.br\/imprensa\/noticias\/tribunal-avalia-atuacao-do-governo-na-transicao-energetica.htm\">prepara\u00e7\u00e3o do governo para uma transi\u00e7\u00e3o energ\u00e9tica sustent\u00e1vel.<\/a><\/p>\n<p>A auditoria em Transi\u00e7\u00e3o Energ\u00e9tica est\u00e1 avaliando a\u00a0<strong>gest\u00e3o dessa mudan\u00e7a,<\/strong>\u00a0o financiamento do processo, a maturidade das principais pol\u00edticas envolvidas e se a transi\u00e7\u00e3o est\u00e1 sendo conduzida de forma justa e inclusiva. A fiscaliza\u00e7\u00e3o (processo\u00a0<a href=\"https:\/\/pesquisa.apps.tcu.gov.br\/documento\/processo\/transi%25C3%25A7%25C3%25A3o%2520energ%25C3%25A9tica\/%2520\/DTAUTUACAOORDENACAO%2520desc%252C%2520NUMEROCOMZEROS%2520desc\/8\">TC 020.606\/2023-0<\/a>) tem previs\u00e3o para ser conclu\u00edda at\u00e9 o fim de setembro e tem como relator o ministro Walton Alencar Rodrigues.<\/p>\n<p>De acordo com a equipe de fiscaliza\u00e7\u00e3o, o desafio para que os benef\u00edcios para o planeta sejam reais \u00e9 que\u00a0<strong>a\u00e7\u00f5es governamentais mantenham o equil\u00edbrio entre seguran\u00e7a energ\u00e9tica<\/strong>, sustentabilidade ambiental e equidade energ\u00e9tica, o que tem sido chamado de \u201ctrilema energ\u00e9tico\u201d.<\/p>\n<blockquote><p><strong>\u201cEm geral, decis\u00f5es s\u00e3o tomadas \u2018pesando\u2019 para um desses tr\u00eas objetivos. O desafio est\u00e1 em constantemente voltar os olhos para o todo do processo e realinhar a\u00e7\u00f5es, pol\u00edticas, decis\u00f5es financeiras e or\u00e7ament\u00e1rias e at\u00e9 mesmo legisla\u00e7\u00e3o em busca do reequil\u00edbrio\u201d,\u00a0<\/strong>resumiu o coordenador da equipe de auditoria, Samuel Cavalcanti, auditor na Unidade Especializada em Energia El\u00e9trica e Nuclear do TCU.<\/p><\/blockquote>\n<p>Com o avan\u00e7o na governan\u00e7a e nas pol\u00edticas p\u00fablicas voltadas para a transi\u00e7\u00e3o energ\u00e9tica, o Brasil tem a oportunidade de\u00a0<strong>impulsionar a economia de forma sustent\u00e1vel<\/strong>. A expectativa do TCU \u00e9 que essa transi\u00e7\u00e3o seja socialmente justa, cumpra os compromissos internacionais e contribua para a redu\u00e7\u00e3o das emiss\u00f5es de carbono na atmosfera.<\/p>\n","protected":false},"excerpt":{"rendered":"<p>A import\u00e2ncia da\u00a0transi\u00e7\u00e3o energ\u00e9tica\u00a0tem sido um tema bastante abordado em diferentes segmentos da sociedade. Trata-se de um movimento mundial inevit\u00e1vel para mitiga\u00e7\u00e3o e adapta\u00e7\u00e3o \u00e0s mudan\u00e7as clim\u00e1ticas. Governo e sociedade debatem para que a transi\u00e7\u00e3o gere impactos que superem os motivos econ\u00f4micos e seja impulsionada pela necessidade social da humanidade e sobreviv\u00eancia do planeta como &hellip;<\/p>\n","protected":false},"author":1,"featured_media":108116,"comment_status":"open","ping_status":"open","sticky":false,"template":"","format":"standard","meta":{"footnotes":""},"categories":[6],"tags":[],"class_list":["post-122785","post","type-post","status-publish","format-standard","has-post-thumbnail","hentry","category-destaques"],"_links":{"self":[{"href":"https:\/\/iparaiba.com.br\/index.php\/wp-json\/wp\/v2\/posts\/122785","targetHints":{"allow":["GET"]}}],"collection":[{"href":"https:\/\/iparaiba.com.br\/index.php\/wp-json\/wp\/v2\/posts"}],"about":[{"href":"https:\/\/iparaiba.com.br\/index.php\/wp-json\/wp\/v2\/types\/post"}],"author":[{"embeddable":true,"href":"https:\/\/iparaiba.com.br\/index.php\/wp-json\/wp\/v2\/users\/1"}],"replies":[{"embeddable":true,"href":"https:\/\/iparaiba.com.br\/index.php\/wp-json\/wp\/v2\/comments?post=122785"}],"version-history":[{"count":0,"href":"https:\/\/iparaiba.com.br\/index.php\/wp-json\/wp\/v2\/posts\/122785\/revisions"}],"wp:featuredmedia":[{"embeddable":true,"href":"https:\/\/iparaiba.com.br\/index.php\/wp-json\/wp\/v2\/media\/108116"}],"wp:attachment":[{"href":"https:\/\/iparaiba.com.br\/index.php\/wp-json\/wp\/v2\/media?parent=122785"}],"wp:term":[{"taxonomy":"category","embeddable":true,"href":"https:\/\/iparaiba.com.br\/index.php\/wp-json\/wp\/v2\/categories?post=122785"},{"taxonomy":"post_tag","embeddable":true,"href":"https:\/\/iparaiba.com.br\/index.php\/wp-json\/wp\/v2\/tags?post=122785"}],"curies":[{"name":"wp","href":"https:\/\/api.w.org\/{rel}","templated":true}]}}