{"id":122784,"date":"2024-09-02T10:09:31","date_gmt":"2024-09-02T13:09:31","guid":{"rendered":"https:\/\/onordeste.com.br\/?p=122736"},"modified":"2024-09-02T10:09:31","modified_gmt":"2024-09-02T13:09:31","slug":"confira-quais-sao-os-mecanismos-de-correcao-usados-no-combate-a-fraudes-na-administracao-publica","status":"publish","type":"post","link":"https:\/\/iparaiba.com.br\/index.php\/2024\/09\/02\/confira-quais-sao-os-mecanismos-de-correcao-usados-no-combate-a-fraudes-na-administracao-publica\/","title":{"rendered":"Confira quais s\u00e3o os mecanismos de corre\u00e7\u00e3o usados no combate a fraudes na administra\u00e7\u00e3o p\u00fablica"},"content":{"rendered":"<p>Atividades fraudulentas ou corruptas ocorreram na organiza\u00e7\u00e3o mesmo com a implementa\u00e7\u00e3o de pr\u00e1ticas de preven\u00e7\u00e3o e detec\u00e7\u00e3o? Nesses casos,\u00a0<strong>medidas corretivas devem ser tomadas para mitigar os danos, aplicar as san\u00e7\u00f5es aos respons\u00e1veis e deixar claro que a organiza\u00e7\u00e3o n\u00e3o \u00e9 omissa<\/strong>\u00a0perante a\u00e7\u00f5es dessa natureza. Para explicar como ocorrem essas medidas, a quarta mat\u00e9ria da s\u00e9rie sobre o\u00a0<a href=\"https:\/\/pnpc.tcu.gov.br\/\">Programa Nacional de Preven\u00e7\u00e3o \u00e0 Corrup\u00e7\u00e3o (PNPC)<\/a>\u00a0aborda o\u00a0<strong>mecanismo de corre\u00e7\u00e3o<\/strong>, divulgado a partir do\u00a0<a href=\"https:\/\/portal.tcu.gov.br\/data\/files\/A0\/E0\/EA\/C7\/21A1F6107AD96FE6F18818A8\/Referencial_combate_fraude_corrupcao_2_edicao.pdf\">Referencial de Combate \u00e0 Fraude e Corrup\u00e7\u00e3o do Tribunal de Contas da Uni\u00e3o (TCU)<\/a>\u00a0e utilizado pelo programa para verificar o n\u00edvel de exposi\u00e7\u00e3o das organiza\u00e7\u00f5es p\u00fablicas brasileiras a riscos de fraude e corrup\u00e7\u00e3o.<\/p>\n<p><strong>O mecanismo de corre\u00e7\u00e3o pretende corrigir o problema<\/strong>, ainda que n\u00e3o sejam sempre aplicadas medidas punitivas. Ele est\u00e1\u00a0<strong>dividido em quatro tipos de il\u00edcitos: \u00e9tico, administrativo, civil e penal<\/strong>. A sequ\u00eancia dos procedimentos a serem aplicados depende do potencial de gravidade do ato il\u00edcito, do n\u00edvel da san\u00e7\u00e3o aplicada e da natureza jur\u00eddica da organiza\u00e7\u00e3o. A infra\u00e7\u00e3o deve ser tratada em todas as esferas afetadas, uma vez que cada uma apresenta um conjunto sancionador diferente e, da mesma forma, imprescind\u00edvel no combate \u00e0 fraude e \u00e0 corrup\u00e7\u00e3o.<\/p>\n<p><strong>Il\u00edcito \u00e9tico:<\/strong>\u00a0representa a\u00a0<strong>forma mais leve<\/strong>\u00a0de infra\u00e7\u00e3o que o servidor ou a parte interessada podem cometer. Por isso, a san\u00e7\u00e3o \u00e9 mais branda e resulta, em geral, na\u00a0<strong>aplica\u00e7\u00e3o de censura<\/strong>. Nesse caso, as pr\u00e1ticas devem contemplar: procedimento \u00e9tico preliminar, momento em que se verifica a admissibilidade da demanda; e processo de apura\u00e7\u00e3o \u00e9tica e de integridade, per\u00edodo destinado \u00e0 defesa pr\u00e9via e \u00e0 elabora\u00e7\u00e3o de relat\u00f3rio final, com notifica\u00e7\u00e3o do investigado para alega\u00e7\u00f5es finais.<\/p>\n<p><strong>Il\u00edcito administrativo:<\/strong>\u00a0engloba todas as\u00a0<strong>infra\u00e7\u00f5es cometidas contra a lei que disciplina o cargo ou o emprego e os regulamentos internos da organiza\u00e7\u00e3o<\/strong>. Os procedimentos de apura\u00e7\u00e3o e responsabiliza\u00e7\u00e3o e as medidas punitivas s\u00e3o da al\u00e7ada da organiza\u00e7\u00e3o. S\u00e3o pr\u00e1ticas deste tipo de il\u00edcito: sindic\u00e2ncia, seguida de processo administrativo disciplinar (PAD), termo circunstanciado administrativo (TCA), tomada de contas especial (TCE) e processo administrativo de responsabiliza\u00e7\u00e3o (PAR).<\/p>\n<p><strong>Il\u00edcito civil:<\/strong>\u00a0no caso de contratos administrativos de bens e servi\u00e7os,\u00a0<strong>sempre que ocorrerem danos ao er\u00e1rio, existe a possibilidade de reten\u00e7\u00e3o de cr\u00e9ditos a pagar e a execu\u00e7\u00e3o da garantia contratual<\/strong>\u00a0para satisfazer o ressarcimento integral dos valores.<\/p>\n<p><strong>Il\u00edcito penal:<\/strong>\u00a0as infra\u00e7\u00f5es \u00e9ticas, administrativas ou c\u00edveis podem ter repercuss\u00e3o tamb\u00e9m na esfera penal. Ainda que haja san\u00e7\u00f5es em quaisquer dessas esferas, a autoridade administrativa \u00e9 obrigada, nesses casos, a representar o Minist\u00e9rio P\u00fablico. Para esses atos,\u00a0<strong>as san\u00e7\u00f5es cab\u00edveis s\u00e3o priva\u00e7\u00e3o de liberdade, restri\u00e7\u00e3o de direitos ou multa<\/strong>, a depender do caso.<\/p>\n","protected":false},"excerpt":{"rendered":"<p>Atividades fraudulentas ou corruptas ocorreram na organiza\u00e7\u00e3o mesmo com a implementa\u00e7\u00e3o de pr\u00e1ticas de preven\u00e7\u00e3o e detec\u00e7\u00e3o? Nesses casos,\u00a0medidas corretivas devem ser tomadas para mitigar os danos, aplicar as san\u00e7\u00f5es aos respons\u00e1veis e deixar claro que a organiza\u00e7\u00e3o n\u00e3o \u00e9 omissa\u00a0perante a\u00e7\u00f5es dessa natureza. Para explicar como ocorrem essas medidas, a quarta mat\u00e9ria da s\u00e9rie &hellip;<\/p>\n","protected":false},"author":1,"featured_media":98324,"comment_status":"open","ping_status":"open","sticky":false,"template":"","format":"standard","meta":{"footnotes":""},"categories":[18],"tags":[],"class_list":["post-122784","post","type-post","status-publish","format-standard","has-post-thumbnail","hentry","category-brasil"],"_links":{"self":[{"href":"https:\/\/iparaiba.com.br\/index.php\/wp-json\/wp\/v2\/posts\/122784","targetHints":{"allow":["GET"]}}],"collection":[{"href":"https:\/\/iparaiba.com.br\/index.php\/wp-json\/wp\/v2\/posts"}],"about":[{"href":"https:\/\/iparaiba.com.br\/index.php\/wp-json\/wp\/v2\/types\/post"}],"author":[{"embeddable":true,"href":"https:\/\/iparaiba.com.br\/index.php\/wp-json\/wp\/v2\/users\/1"}],"replies":[{"embeddable":true,"href":"https:\/\/iparaiba.com.br\/index.php\/wp-json\/wp\/v2\/comments?post=122784"}],"version-history":[{"count":0,"href":"https:\/\/iparaiba.com.br\/index.php\/wp-json\/wp\/v2\/posts\/122784\/revisions"}],"wp:featuredmedia":[{"embeddable":true,"href":"https:\/\/iparaiba.com.br\/index.php\/wp-json\/wp\/v2\/media\/98324"}],"wp:attachment":[{"href":"https:\/\/iparaiba.com.br\/index.php\/wp-json\/wp\/v2\/media?parent=122784"}],"wp:term":[{"taxonomy":"category","embeddable":true,"href":"https:\/\/iparaiba.com.br\/index.php\/wp-json\/wp\/v2\/categories?post=122784"},{"taxonomy":"post_tag","embeddable":true,"href":"https:\/\/iparaiba.com.br\/index.php\/wp-json\/wp\/v2\/tags?post=122784"}],"curies":[{"name":"wp","href":"https:\/\/api.w.org\/{rel}","templated":true}]}}