{"id":122783,"date":"2024-09-04T18:31:37","date_gmt":"2024-09-04T21:31:37","guid":{"rendered":"https:\/\/onordeste.com.br\/?p=122783"},"modified":"2024-09-04T18:31:37","modified_gmt":"2024-09-04T21:31:37","slug":"governo-preve-salario-minimo-de-r-1-509-em-2025","status":"publish","type":"post","link":"https:\/\/iparaiba.com.br\/index.php\/2024\/09\/04\/governo-preve-salario-minimo-de-r-1-509-em-2025\/","title":{"rendered":"Governo prev\u00ea sal\u00e1rio m\u00ednimo de R$ 1.509 em 2025"},"content":{"rendered":"<p>A proposta or\u00e7ament\u00e1ria para 2025 (PLN 26\/24) foi entregue pelo governo ao Congresso Nacional e prev\u00ea um sal\u00e1rio m\u00ednimo de R$ 1.509, um aumento de 6,87% em rela\u00e7\u00e3o ao atual, de R$ 1.412. O projeto prev\u00ea despesas de 2,93 trilh\u00f5es com meta de d\u00e9ficit fiscal zero, mesma meta deste ano.<\/p>\n<p>O valor do sal\u00e1rio m\u00ednimo \u00e9 uma proje\u00e7\u00e3o porque ainda depende da varia\u00e7\u00e3o anual do INPC at\u00e9 novembro acrescido do crescimento do PIB em 2023, que foi de 2,91%.<\/p>\n<p>O or\u00e7amento total previsto para o ano que vem \u00e9 de R$ 5,87 trilh\u00f5es, dos quais R$ 2,77 trilh\u00f5es s\u00e3o despesas com a rolagem da d\u00edvida p\u00fablica. O projeto prev\u00ea aumento real de receitas de 5,78%, mas limita o crescimento real das despesas em 2,50%. Para calcular o limite de despesas, conforme o novo arcabou\u00e7o fiscal, foi considerada uma varia\u00e7\u00e3o anualizada do IPCA de 4,23% at\u00e9 junho.<\/p>\n<p><strong>Grandes despesas:<\/strong><br \/>\n&#8211; Minist\u00e9rio da Sa\u00fade: R$ 241,6 bilh\u00f5es<br \/>\n&#8211; Minist\u00e9rio da Educa\u00e7\u00e3o: R$ 200,5 bilh\u00f5es<br \/>\n&#8211; Piso de investimento: R$ 74,3 bilh\u00f5es<br \/>\n&#8211; Novo PAC: R$ 60,9 bilh\u00f5es<br \/>\n&#8211; Despesas obrigat\u00f3rias: R$ 2,71 trilh\u00f5es<br \/>\n&#8211; Benef\u00edcios da Previd\u00eancia: R$ 1,01 trilh\u00e3o<br \/>\n&#8211; Pessoal e encargos: R$ 416,2 bilh\u00f5es<br \/>\n&#8211; Bolsa Fam\u00edlia: R$ 167,2 bilh\u00f5es<br \/>\n&#8211; Transfer\u00eancias por Reparti\u00e7\u00e3o de Receita: R$ 558,7 bilh\u00f5es<br \/>\n&#8211; Despesas discricion\u00e1rias: R$ 229,9 bilh\u00f5es<br \/>\n&#8211; Reserva para emendas parlamentares impositivas: R$ 38,9 bilh\u00f5es<\/p>\n<p>Como cen\u00e1rio econ\u00f4mico para 2025, foi considerado um crescimento econ\u00f4mico de 2,64% e infla\u00e7\u00e3o de 3,3%. Para a taxa de juros b\u00e1sica, o governo considera uma queda do atual patamar de 10,50% ao ano para 9,61%. Para o d\u00f3lar, a estimativa \u00e9 R$ 5,19 como m\u00e9dia anual.<\/p>\n<p>O projeto do Or\u00e7amento de 2025 vai ser analisado pela Comiss\u00e3o Mista de Or\u00e7amento. Em seguida, ser\u00e1 votado no Plen\u00e1rio do Congresso Nacional.<\/p>\n<p>Ag\u00eancia C\u00e2mara de Not\u00edcias<\/p>\n","protected":false},"excerpt":{"rendered":"<p>A proposta or\u00e7ament\u00e1ria para 2025 (PLN 26\/24) foi entregue pelo governo ao Congresso Nacional e prev\u00ea um sal\u00e1rio m\u00ednimo de R$ 1.509, um aumento de 6,87% em rela\u00e7\u00e3o ao atual, de R$ 1.412. O projeto prev\u00ea despesas de 2,93 trilh\u00f5es com meta de d\u00e9ficit fiscal zero, mesma meta deste ano. O valor do sal\u00e1rio m\u00ednimo &hellip;<\/p>\n","protected":false},"author":1,"featured_media":99691,"comment_status":"open","ping_status":"open","sticky":false,"template":"","format":"standard","meta":{"footnotes":""},"categories":[16],"tags":[],"class_list":["post-122783","post","type-post","status-publish","format-standard","has-post-thumbnail","hentry","category-economia"],"_links":{"self":[{"href":"https:\/\/iparaiba.com.br\/index.php\/wp-json\/wp\/v2\/posts\/122783","targetHints":{"allow":["GET"]}}],"collection":[{"href":"https:\/\/iparaiba.com.br\/index.php\/wp-json\/wp\/v2\/posts"}],"about":[{"href":"https:\/\/iparaiba.com.br\/index.php\/wp-json\/wp\/v2\/types\/post"}],"author":[{"embeddable":true,"href":"https:\/\/iparaiba.com.br\/index.php\/wp-json\/wp\/v2\/users\/1"}],"replies":[{"embeddable":true,"href":"https:\/\/iparaiba.com.br\/index.php\/wp-json\/wp\/v2\/comments?post=122783"}],"version-history":[{"count":1,"href":"https:\/\/iparaiba.com.br\/index.php\/wp-json\/wp\/v2\/posts\/122783\/revisions"}],"predecessor-version":[{"id":122807,"href":"https:\/\/iparaiba.com.br\/index.php\/wp-json\/wp\/v2\/posts\/122783\/revisions\/122807"}],"wp:featuredmedia":[{"embeddable":true,"href":"https:\/\/iparaiba.com.br\/index.php\/wp-json\/wp\/v2\/media\/99691"}],"wp:attachment":[{"href":"https:\/\/iparaiba.com.br\/index.php\/wp-json\/wp\/v2\/media?parent=122783"}],"wp:term":[{"taxonomy":"category","embeddable":true,"href":"https:\/\/iparaiba.com.br\/index.php\/wp-json\/wp\/v2\/categories?post=122783"},{"taxonomy":"post_tag","embeddable":true,"href":"https:\/\/iparaiba.com.br\/index.php\/wp-json\/wp\/v2\/tags?post=122783"}],"curies":[{"name":"wp","href":"https:\/\/api.w.org\/{rel}","templated":true}]}}