{"id":122779,"date":"2024-09-04T14:00:28","date_gmt":"2024-09-04T17:00:28","guid":{"rendered":"https:\/\/onordeste.com.br\/?p=122779"},"modified":"2024-09-04T14:00:28","modified_gmt":"2024-09-04T17:00:28","slug":"camara-aprova-projeto-que-modifica-lei-de-responsabilidade-fiscal-em-favor-dos-municipios","status":"publish","type":"post","link":"https:\/\/iparaiba.com.br\/index.php\/2024\/09\/04\/camara-aprova-projeto-que-modifica-lei-de-responsabilidade-fiscal-em-favor-dos-municipios\/","title":{"rendered":"C\u00e2mara aprova projeto que modifica Lei de Responsabilidade Fiscal em favor dos munic\u00edpios"},"content":{"rendered":"<p>A C\u00e2mara dos Deputados aprovou projeto de lei complementar que retira dos limites de despesas com pessoal os gastos com terceiriza\u00e7\u00e3o e organiza\u00e7\u00f5es da sociedade civil.<\/p>\n<p>O texto aprovado \u00e9 um <span id=\"4098\" class=\"termoGlossario\" title=\"\" contenteditable=\"false\" data-toggle=\"tooltip\" data-placement=\"top\" data-original-title=\"Nome que se d\u00e1 ao texto que altera substancialmente o conte\u00fado original da proposta. O substitutivo \u00e9 apresentado pelo relator e tem prefer\u00eancia na vota\u00e7\u00e3o sobre o projeto original.\">substitutivo<\/span> da deputada Nely Aquino (Pode-MG) para o <a class=\"linkProposicao\" href=\"https:\/\/www.camara.leg.br\/noticias\/372807-projeto-permite-ampliacao-de-gastos-de-estados-e-municipios-com-pessoal\">Projeto de Lei Complementar (PLP) 164\/12<\/a>, da deputada Elcione Barbalho (MDB-PA), mudando a <a class=\"linkLegislacao\" href=\"https:\/\/www2.camara.gov.br\/legin\/fed\/leicom\/2000\/leicomplementar-101-4-maio-2000-351480-norma-pl.html\">Lei de Responsabilidade Fiscal<\/a>.<\/p>\n<p>Na pr\u00e1tica, isso aumenta o montante que pode ser gasto com despesas de pessoal dos \u00f3rg\u00e3os p\u00fablicos, pois retira esses gastos do limite fixado em rela\u00e7\u00e3o \u00e0 receita corrente l\u00edquida (50% no caso da Uni\u00e3o, 60% para estados e munic\u00edpios).<\/p>\n<p>Segundo a proposta, esse tipo de despesa ser\u00e1 considerado como \u201coutras despesas de pessoal\u201d na lista de exclus\u00f5es agora ampliada.<\/p>\n<p>As situa\u00e7\u00f5es abrangidas s\u00e3o:<\/p>\n<p>&#8211; quando a despesa se caracteriza como fomento p\u00fablico de atividades do terceiro setor por meio de subven\u00e7\u00f5es sociais; e<\/p>\n<p>&#8211; presta\u00e7\u00e3o de servi\u00e7os por meio da contrata\u00e7\u00e3o de empresas, de organiza\u00e7\u00f5es sociais, de organiza\u00e7\u00f5es da sociedade civil, de cooperativas ou de cons\u00f3rcios p\u00fablicos.<\/p>\n<p>Exemplo disso s\u00e3o as empresas terceirizadas de limpeza urbana, contratos de gest\u00e3o hospitalar e outros.<\/p>\n<p>Ag\u00eancia C\u00e2mara de Not\u00edcias<\/p>\n","protected":false},"excerpt":{"rendered":"<p>A C\u00e2mara dos Deputados aprovou projeto de lei complementar que retira dos limites de despesas com pessoal os gastos com terceiriza\u00e7\u00e3o e organiza\u00e7\u00f5es da sociedade civil. O texto aprovado \u00e9 um substitutivo da deputada Nely Aquino (Pode-MG) para o Projeto de Lei Complementar (PLP) 164\/12, da deputada Elcione Barbalho (MDB-PA), mudando a Lei de Responsabilidade &hellip;<\/p>\n","protected":false},"author":1,"featured_media":97727,"comment_status":"open","ping_status":"open","sticky":false,"template":"","format":"standard","meta":{"footnotes":""},"categories":[8],"tags":[],"class_list":["post-122779","post","type-post","status-publish","format-standard","has-post-thumbnail","hentry","category-politica"],"_links":{"self":[{"href":"https:\/\/iparaiba.com.br\/index.php\/wp-json\/wp\/v2\/posts\/122779","targetHints":{"allow":["GET"]}}],"collection":[{"href":"https:\/\/iparaiba.com.br\/index.php\/wp-json\/wp\/v2\/posts"}],"about":[{"href":"https:\/\/iparaiba.com.br\/index.php\/wp-json\/wp\/v2\/types\/post"}],"author":[{"embeddable":true,"href":"https:\/\/iparaiba.com.br\/index.php\/wp-json\/wp\/v2\/users\/1"}],"replies":[{"embeddable":true,"href":"https:\/\/iparaiba.com.br\/index.php\/wp-json\/wp\/v2\/comments?post=122779"}],"version-history":[{"count":1,"href":"https:\/\/iparaiba.com.br\/index.php\/wp-json\/wp\/v2\/posts\/122779\/revisions"}],"predecessor-version":[{"id":122805,"href":"https:\/\/iparaiba.com.br\/index.php\/wp-json\/wp\/v2\/posts\/122779\/revisions\/122805"}],"wp:featuredmedia":[{"embeddable":true,"href":"https:\/\/iparaiba.com.br\/index.php\/wp-json\/wp\/v2\/media\/97727"}],"wp:attachment":[{"href":"https:\/\/iparaiba.com.br\/index.php\/wp-json\/wp\/v2\/media?parent=122779"}],"wp:term":[{"taxonomy":"category","embeddable":true,"href":"https:\/\/iparaiba.com.br\/index.php\/wp-json\/wp\/v2\/categories?post=122779"},{"taxonomy":"post_tag","embeddable":true,"href":"https:\/\/iparaiba.com.br\/index.php\/wp-json\/wp\/v2\/tags?post=122779"}],"curies":[{"name":"wp","href":"https:\/\/api.w.org\/{rel}","templated":true}]}}