{"id":122770,"date":"2024-09-04T06:00:20","date_gmt":"2024-09-04T09:00:20","guid":{"rendered":"https:\/\/onordeste.com.br\/?p=122769"},"modified":"2024-09-04T06:00:20","modified_gmt":"2024-09-04T09:00:20","slug":"stf-vai-decidir-se-uniao-estavel-pode-ser-convertida-retroativamente-em-casamento","status":"publish","type":"post","link":"https:\/\/iparaiba.com.br\/index.php\/2024\/09\/04\/stf-vai-decidir-se-uniao-estavel-pode-ser-convertida-retroativamente-em-casamento\/","title":{"rendered":"STF vai decidir se uni\u00e3o est\u00e1vel pode ser convertida retroativamente em casamento"},"content":{"rendered":"<p>O Supremo Tribunal Federal (STF) vai decidir se \u00e9 poss\u00edvel converter uma uni\u00e3o est\u00e1vel em casamento de forma retroativa. A mat\u00e9ria \u00e9 tema do Recurso Extraordin\u00e1rio com Agravo\u00a0<a href=\"https:\/\/portal.stf.jus.br\/processos\/detalhe.asp?incidente=6493589\" target=\"_blank\" rel=\"noreferrer noopener\"><strong>(ARE) 1405467<\/strong>,<\/a>\u00a0que teve a repercuss\u00e3o geral reconhecida (Tema 1313), ou seja, a tese a ser firmada ser\u00e1 aplicada aos demais processos semelhantes em andamento na Justi\u00e7a.<\/p>\n<p>O caso diz respeito a um casal que, desde 1995, vivia em regime de uni\u00e3o est\u00e1vel e teve dois filhos. Em 2006, para que os filhos tivessem direito \u00e0 cidadania austr\u00edaca, eles pediram a convers\u00e3o da uni\u00e3o est\u00e1vel em casamento, mas com efeitos retroativos. A Justi\u00e7a s\u00f3 deferiu a convers\u00e3o a partir de 2017, quando saiu a decis\u00e3o, levando-os a reiterar o pedido de retroatividade em nova a\u00e7\u00e3o em 2019, acrescentando, ainda, outro pedido, desta vez para mudan\u00e7a do regime de bens.<\/p>\n<p>O Tribunal de Justi\u00e7a do Distrito Federal e dos Territ\u00f3rios (TJDFT) abriu prazo para que o pedido relativo \u00e0 retroatividade fosse exclu\u00eddo da a\u00e7\u00e3o, porque j\u00e1 tinha sido decidido. Como isso n\u00e3o foi feito, extinguiu o processo.<\/p>\n<p>No recurso ao STF, o casal argumenta, entre outros pontos, que, em respeito ao princ\u00edpio do acesso \u00e0 Justi\u00e7a, o TJDFT deveria analisar o outro pedido, que nunca havia sido apreciado em outro processo.<\/p>\n","protected":false},"excerpt":{"rendered":"<p>O Supremo Tribunal Federal (STF) vai decidir se \u00e9 poss\u00edvel converter uma uni\u00e3o est\u00e1vel em casamento de forma retroativa. A mat\u00e9ria \u00e9 tema do Recurso Extraordin\u00e1rio com Agravo\u00a0(ARE) 1405467,\u00a0que teve a repercuss\u00e3o geral reconhecida (Tema 1313), ou seja, a tese a ser firmada ser\u00e1 aplicada aos demais processos semelhantes em andamento na Justi\u00e7a. O caso &hellip;<\/p>\n","protected":false},"author":1,"featured_media":107626,"comment_status":"open","ping_status":"open","sticky":false,"template":"","format":"standard","meta":{"footnotes":""},"categories":[9],"tags":[],"class_list":["post-122770","post","type-post","status-publish","format-standard","has-post-thumbnail","hentry","category-justica"],"_links":{"self":[{"href":"https:\/\/iparaiba.com.br\/index.php\/wp-json\/wp\/v2\/posts\/122770","targetHints":{"allow":["GET"]}}],"collection":[{"href":"https:\/\/iparaiba.com.br\/index.php\/wp-json\/wp\/v2\/posts"}],"about":[{"href":"https:\/\/iparaiba.com.br\/index.php\/wp-json\/wp\/v2\/types\/post"}],"author":[{"embeddable":true,"href":"https:\/\/iparaiba.com.br\/index.php\/wp-json\/wp\/v2\/users\/1"}],"replies":[{"embeddable":true,"href":"https:\/\/iparaiba.com.br\/index.php\/wp-json\/wp\/v2\/comments?post=122770"}],"version-history":[{"count":1,"href":"https:\/\/iparaiba.com.br\/index.php\/wp-json\/wp\/v2\/posts\/122770\/revisions"}],"predecessor-version":[{"id":122800,"href":"https:\/\/iparaiba.com.br\/index.php\/wp-json\/wp\/v2\/posts\/122770\/revisions\/122800"}],"wp:featuredmedia":[{"embeddable":true,"href":"https:\/\/iparaiba.com.br\/index.php\/wp-json\/wp\/v2\/media\/107626"}],"wp:attachment":[{"href":"https:\/\/iparaiba.com.br\/index.php\/wp-json\/wp\/v2\/media?parent=122770"}],"wp:term":[{"taxonomy":"category","embeddable":true,"href":"https:\/\/iparaiba.com.br\/index.php\/wp-json\/wp\/v2\/categories?post=122770"},{"taxonomy":"post_tag","embeddable":true,"href":"https:\/\/iparaiba.com.br\/index.php\/wp-json\/wp\/v2\/tags?post=122770"}],"curies":[{"name":"wp","href":"https:\/\/api.w.org\/{rel}","templated":true}]}}