{"id":122769,"date":"2024-09-03T18:20:00","date_gmt":"2024-09-03T21:20:00","guid":{"rendered":"https:\/\/onordeste.com.br\/?p=122767"},"modified":"2024-09-03T18:20:00","modified_gmt":"2024-09-03T21:20:00","slug":"aneel-adota-bandeira-vermelha","status":"publish","type":"post","link":"https:\/\/iparaiba.com.br\/index.php\/2024\/09\/03\/aneel-adota-bandeira-vermelha\/","title":{"rendered":"Aneel adota bandeira vermelha"},"content":{"rendered":"<p>A Aneel (Ag\u00eancia Nacional de Energia El\u00e9trica) anunciou, na noite desta sexta-feira (30), que a bandeira tarif\u00e1ria de setembro ser\u00e1 vermelha patamar 2, que corresponde a um acr\u00e9scimo de R$ 7,877 a cada 100 quilowatts-hora (kWh) consumidos.<\/p>\n<p>Esse \u00e9 o primeiro acionamento da bandeira vermelha patamar 2 desde agosto de 2021. O motivo da medida, segundo a ag\u00eancia, \u00e9 a previs\u00e3o de chuvas abaixo da m\u00e9dia em setembro, resultando em expectativa de aflu\u00eancia nos reservat\u00f3rios das hidrel\u00e9tricas do pa\u00eds (em cerca de 50% abaixo da m\u00e9dia).<\/p>\n<p>A conta de luz vinha em uma sequ\u00eancia de bandeiras verdes, que foi iniciada em abril de 2022 e interrompida em julho deste ano, com a bandeira amarela. No \u00faltimo m\u00eas, a bandeira voltou a ficar verde.<\/p>\n","protected":false},"excerpt":{"rendered":"<p>A Aneel (Ag\u00eancia Nacional de Energia El\u00e9trica) anunciou, na noite desta sexta-feira (30), que a bandeira tarif\u00e1ria de setembro ser\u00e1 vermelha patamar 2, que corresponde a um acr\u00e9scimo de R$ 7,877 a cada 100 quilowatts-hora (kWh) consumidos. Esse \u00e9 o primeiro acionamento da bandeira vermelha patamar 2 desde agosto de 2021. O motivo da medida, &hellip;<\/p>\n","protected":false},"author":1,"featured_media":98836,"comment_status":"open","ping_status":"open","sticky":false,"template":"","format":"standard","meta":{"footnotes":""},"categories":[16],"tags":[],"class_list":["post-122769","post","type-post","status-publish","format-standard","has-post-thumbnail","hentry","category-economia"],"_links":{"self":[{"href":"https:\/\/iparaiba.com.br\/index.php\/wp-json\/wp\/v2\/posts\/122769","targetHints":{"allow":["GET"]}}],"collection":[{"href":"https:\/\/iparaiba.com.br\/index.php\/wp-json\/wp\/v2\/posts"}],"about":[{"href":"https:\/\/iparaiba.com.br\/index.php\/wp-json\/wp\/v2\/types\/post"}],"author":[{"embeddable":true,"href":"https:\/\/iparaiba.com.br\/index.php\/wp-json\/wp\/v2\/users\/1"}],"replies":[{"embeddable":true,"href":"https:\/\/iparaiba.com.br\/index.php\/wp-json\/wp\/v2\/comments?post=122769"}],"version-history":[{"count":1,"href":"https:\/\/iparaiba.com.br\/index.php\/wp-json\/wp\/v2\/posts\/122769\/revisions"}],"predecessor-version":[{"id":122799,"href":"https:\/\/iparaiba.com.br\/index.php\/wp-json\/wp\/v2\/posts\/122769\/revisions\/122799"}],"wp:featuredmedia":[{"embeddable":true,"href":"https:\/\/iparaiba.com.br\/index.php\/wp-json\/wp\/v2\/media\/98836"}],"wp:attachment":[{"href":"https:\/\/iparaiba.com.br\/index.php\/wp-json\/wp\/v2\/media?parent=122769"}],"wp:term":[{"taxonomy":"category","embeddable":true,"href":"https:\/\/iparaiba.com.br\/index.php\/wp-json\/wp\/v2\/categories?post=122769"},{"taxonomy":"post_tag","embeddable":true,"href":"https:\/\/iparaiba.com.br\/index.php\/wp-json\/wp\/v2\/tags?post=122769"}],"curies":[{"name":"wp","href":"https:\/\/api.w.org\/{rel}","templated":true}]}}