{"id":122768,"date":"2024-09-03T16:00:01","date_gmt":"2024-09-03T19:00:01","guid":{"rendered":"https:\/\/onordeste.com.br\/?p=122765"},"modified":"2024-09-03T16:00:01","modified_gmt":"2024-09-03T19:00:01","slug":"semana-da-patria-e-aberta-com-desfile-civico-em-joao-pessoa","status":"publish","type":"post","link":"https:\/\/iparaiba.com.br\/index.php\/2024\/09\/03\/semana-da-patria-e-aberta-com-desfile-civico-em-joao-pessoa\/","title":{"rendered":"Semana da P\u00e1tria \u00e9 aberta com desfile c\u00edvico em Jo\u00e3o Pessoa"},"content":{"rendered":"<p>A Prefeitura de Jo\u00e3o Pessoa, por meio da Secretaria de Educa\u00e7\u00e3o e Cultura de Jo\u00e3o Pessoa (Sedec-JP) realizou, na manh\u00e3 deste domingo (1\u00b0), no bairro de Mangabeira, a abertura oficial dos desfiles c\u00edvicos da Semana da P\u00e1tria, em alus\u00e3o ao 7 de setembro, Dia da Independ\u00eancia do Brasil. O evento aconteceu na Avenida Josefa Taveira e, na programa\u00e7\u00e3o, 22 bandas marciais e 12 escolas da Rede Municipal de Ensino e rede privada desfilaram no principal corredor do bairro.<\/p>\n<p>Para a secret\u00e1ria de Educa\u00e7\u00e3o e Cultura de Jo\u00e3o Pessoa, Am\u00e9rica Castro, um dos pontos fortes do desfile c\u00edvico da Capital \u00e9 justamente a possibilidade de uma grande confraterniza\u00e7\u00e3o.<\/p>\n","protected":false},"excerpt":{"rendered":"<p>A Prefeitura de Jo\u00e3o Pessoa, por meio da Secretaria de Educa\u00e7\u00e3o e Cultura de Jo\u00e3o Pessoa (Sedec-JP) realizou, na manh\u00e3 deste domingo (1\u00b0), no bairro de Mangabeira, a abertura oficial dos desfiles c\u00edvicos da Semana da P\u00e1tria, em alus\u00e3o ao 7 de setembro, Dia da Independ\u00eancia do Brasil. O evento aconteceu na Avenida Josefa Taveira &hellip;<\/p>\n","protected":false},"author":1,"featured_media":115192,"comment_status":"open","ping_status":"open","sticky":false,"template":"","format":"standard","meta":{"footnotes":""},"categories":[4],"tags":[],"class_list":["post-122768","post","type-post","status-publish","format-standard","has-post-thumbnail","hentry","category-cultura"],"_links":{"self":[{"href":"https:\/\/iparaiba.com.br\/index.php\/wp-json\/wp\/v2\/posts\/122768","targetHints":{"allow":["GET"]}}],"collection":[{"href":"https:\/\/iparaiba.com.br\/index.php\/wp-json\/wp\/v2\/posts"}],"about":[{"href":"https:\/\/iparaiba.com.br\/index.php\/wp-json\/wp\/v2\/types\/post"}],"author":[{"embeddable":true,"href":"https:\/\/iparaiba.com.br\/index.php\/wp-json\/wp\/v2\/users\/1"}],"replies":[{"embeddable":true,"href":"https:\/\/iparaiba.com.br\/index.php\/wp-json\/wp\/v2\/comments?post=122768"}],"version-history":[{"count":1,"href":"https:\/\/iparaiba.com.br\/index.php\/wp-json\/wp\/v2\/posts\/122768\/revisions"}],"predecessor-version":[{"id":122798,"href":"https:\/\/iparaiba.com.br\/index.php\/wp-json\/wp\/v2\/posts\/122768\/revisions\/122798"}],"wp:featuredmedia":[{"embeddable":true,"href":"https:\/\/iparaiba.com.br\/index.php\/wp-json\/wp\/v2\/media\/115192"}],"wp:attachment":[{"href":"https:\/\/iparaiba.com.br\/index.php\/wp-json\/wp\/v2\/media?parent=122768"}],"wp:term":[{"taxonomy":"category","embeddable":true,"href":"https:\/\/iparaiba.com.br\/index.php\/wp-json\/wp\/v2\/categories?post=122768"},{"taxonomy":"post_tag","embeddable":true,"href":"https:\/\/iparaiba.com.br\/index.php\/wp-json\/wp\/v2\/tags?post=122768"}],"curies":[{"name":"wp","href":"https:\/\/api.w.org\/{rel}","templated":true}]}}