{"id":122765,"date":"2024-09-03T10:00:13","date_gmt":"2024-09-03T13:00:13","guid":{"rendered":"https:\/\/onordeste.com.br\/?p=122759"},"modified":"2024-09-03T10:00:13","modified_gmt":"2024-09-03T13:00:13","slug":"pf-deflagra-a-29a-fase-da-operacao-lesa-patria","status":"publish","type":"post","link":"https:\/\/iparaiba.com.br\/index.php\/2024\/09\/03\/pf-deflagra-a-29a-fase-da-operacao-lesa-patria\/","title":{"rendered":"PF deflagra a 29\u00aa fase da Opera\u00e7\u00e3o Lesa P\u00e1tria"},"content":{"rendered":"<p><b>Bras\u00edlia\/DF.<\/b>\u00a0A Pol\u00edcia Federal deflagrou nesta quinta-feira, 29\/8, a vig\u00e9sima nona fase da Opera\u00e7\u00e3o Lesa P\u00e1tria, com o objetivo de identificar pessoas que participaram e incitaram os fatos ocorridos em 8\/01\/2023, em Bras\u00edlia\/DF, quando o Pal\u00e1cio do Planalto, o Congresso Nacional e o Supremo Tribunal Federal foram invadidos por indiv\u00edduos que promoveram viol\u00eancia e dano generalizado contra os im\u00f3veis, m\u00f3veis e objetos daquelas Institui\u00e7\u00f5es.<\/p>\n<p>Ao todo, est\u00e3o sendo cumpridos 10 mandados de busca e apreens\u00e3o expedidos pelo Supremo Tribunal, nos Estados de Santa Catarina (5), Rio de Janeiro (3), Goi\u00e1s (1) e DF (1). Foi determinada a indisponibilidade de bens, ativos e valores dos investigados. Apura-se que os valores dos danos causados ao patrim\u00f4nio p\u00fablico possam chegar \u00e0 cifra de R$ 40 milh\u00f5es.<\/p>\n<p>Os fatos investigados constituem, em tese, os crimes de aboli\u00e7\u00e3o violenta do Estado democr\u00e1tico de Direito, golpe de Estado, dano qualificado, associa\u00e7\u00e3o criminosa, incita\u00e7\u00e3o ao crime, destrui\u00e7\u00e3o e deteriora\u00e7\u00e3o ou inutiliza\u00e7\u00e3o de bem especialmente protegido.<\/p>\n<p>As investiga\u00e7\u00f5es continuam em curso e a Opera\u00e7\u00e3o Lesa P\u00e1tria se torna permanente, com atualiza\u00e7\u00f5es peri\u00f3dicas acerca do n\u00famero de mandados judiciais cumpridos e pessoas capturadas.<\/p>\n<p align=\"right\"><i>Coordena\u00e7\u00e3o-Geral de Comunica\u00e7\u00e3o Social<\/i><\/p>\n","protected":false},"excerpt":{"rendered":"<p>Bras\u00edlia\/DF.\u00a0A Pol\u00edcia Federal deflagrou nesta quinta-feira, 29\/8, a vig\u00e9sima nona fase da Opera\u00e7\u00e3o Lesa P\u00e1tria, com o objetivo de identificar pessoas que participaram e incitaram os fatos ocorridos em 8\/01\/2023, em Bras\u00edlia\/DF, quando o Pal\u00e1cio do Planalto, o Congresso Nacional e o Supremo Tribunal Federal foram invadidos por indiv\u00edduos que promoveram viol\u00eancia e dano generalizado &hellip;<\/p>\n","protected":false},"author":1,"featured_media":119197,"comment_status":"open","ping_status":"open","sticky":false,"template":"","format":"standard","meta":{"footnotes":""},"categories":[13],"tags":[],"class_list":["post-122765","post","type-post","status-publish","format-standard","has-post-thumbnail","hentry","category-policial"],"_links":{"self":[{"href":"https:\/\/iparaiba.com.br\/index.php\/wp-json\/wp\/v2\/posts\/122765","targetHints":{"allow":["GET"]}}],"collection":[{"href":"https:\/\/iparaiba.com.br\/index.php\/wp-json\/wp\/v2\/posts"}],"about":[{"href":"https:\/\/iparaiba.com.br\/index.php\/wp-json\/wp\/v2\/types\/post"}],"author":[{"embeddable":true,"href":"https:\/\/iparaiba.com.br\/index.php\/wp-json\/wp\/v2\/users\/1"}],"replies":[{"embeddable":true,"href":"https:\/\/iparaiba.com.br\/index.php\/wp-json\/wp\/v2\/comments?post=122765"}],"version-history":[{"count":1,"href":"https:\/\/iparaiba.com.br\/index.php\/wp-json\/wp\/v2\/posts\/122765\/revisions"}],"predecessor-version":[{"id":122795,"href":"https:\/\/iparaiba.com.br\/index.php\/wp-json\/wp\/v2\/posts\/122765\/revisions\/122795"}],"wp:featuredmedia":[{"embeddable":true,"href":"https:\/\/iparaiba.com.br\/index.php\/wp-json\/wp\/v2\/media\/119197"}],"wp:attachment":[{"href":"https:\/\/iparaiba.com.br\/index.php\/wp-json\/wp\/v2\/media?parent=122765"}],"wp:term":[{"taxonomy":"category","embeddable":true,"href":"https:\/\/iparaiba.com.br\/index.php\/wp-json\/wp\/v2\/categories?post=122765"},{"taxonomy":"post_tag","embeddable":true,"href":"https:\/\/iparaiba.com.br\/index.php\/wp-json\/wp\/v2\/tags?post=122765"}],"curies":[{"name":"wp","href":"https:\/\/api.w.org\/{rel}","templated":true}]}}