{"id":122763,"date":"2024-09-03T06:00:54","date_gmt":"2024-09-03T09:00:54","guid":{"rendered":"https:\/\/onordeste.com.br\/?p=122755"},"modified":"2024-09-03T06:00:54","modified_gmt":"2024-09-03T09:00:54","slug":"pf-prende-distribuidor-regional-com-mais-de-100-perfumes","status":"publish","type":"post","link":"https:\/\/iparaiba.com.br\/index.php\/2024\/09\/03\/pf-prende-distribuidor-regional-com-mais-de-100-perfumes\/","title":{"rendered":"PF prende distribuidor regional com mais de 100 perfumes"},"content":{"rendered":"<p><strong>Vit\u00f3ria\/ES.<\/strong>\u00a0Na madrugada desta segunda-feira (2\/9), a Pol\u00edcia Federal prendeu em flagrante um homem de 54 anos, no Aeroporto de Vit\u00f3ria com tr\u00eas malas, de aproximadamente 60 kg, com mais de 100 perfumes importados irregularmente.<\/p>\n<p>A Pol\u00edcia Federal realizou a pris\u00e3o em flagrante logo ap\u00f3s o homem desembarcar, em voo que partiu de Foz do Igua\u00e7u\/PR, trazendo os perfumes importados de diversos pa\u00edses, adquiridos em Ciudad Del Este no Paraguai.<\/p>\n<p>De acordo com as investiga\u00e7\u00f5es, o homem realizava viagens constantes a Foz do Igua\u00e7u para as compras e, junto com sua esposa, realizava as vendas das mercadorias, sem a emiss\u00e3o de nota fiscal, em redes sociais por meio de aplicativos de mensagens, com o envio das encomendas pelos Correios.<\/p>\n<p>Junto a alguns perfumes encomendados, estavam embalagens de alfajor, doce tradicional comercializado na Argentina, ou caf\u00e9 sol\u00favel, produzido na Indon\u00e9sia, que eram entregues aos clientes como &#8220;mimos&#8221;, brindes pela compra.<\/p>\n<p>As mercadorias foram levadas para formaliza\u00e7\u00e3o do auto de apreens\u00e3o na sede da Pol\u00edcia Federal. O preso foi conduzido para formaliza\u00e7\u00e3o do auto de pris\u00e3o em flagrante e ficar\u00e1 \u00e0 disposi\u00e7\u00e3o da Justi\u00e7a.<\/p>\n<p align=\"right\"><i>Comunica\u00e7\u00e3o Social da Pol\u00edcia Federal no Esp\u00edrito Santo<\/i><\/p>\n","protected":false},"excerpt":{"rendered":"<p>Vit\u00f3ria\/ES.\u00a0Na madrugada desta segunda-feira (2\/9), a Pol\u00edcia Federal prendeu em flagrante um homem de 54 anos, no Aeroporto de Vit\u00f3ria com tr\u00eas malas, de aproximadamente 60 kg, com mais de 100 perfumes importados irregularmente. A Pol\u00edcia Federal realizou a pris\u00e3o em flagrante logo ap\u00f3s o homem desembarcar, em voo que partiu de Foz do Igua\u00e7u\/PR, &hellip;<\/p>\n","protected":false},"author":1,"featured_media":119146,"comment_status":"open","ping_status":"open","sticky":false,"template":"","format":"standard","meta":{"footnotes":""},"categories":[13],"tags":[],"class_list":["post-122763","post","type-post","status-publish","format-standard","has-post-thumbnail","hentry","category-policial"],"_links":{"self":[{"href":"https:\/\/iparaiba.com.br\/index.php\/wp-json\/wp\/v2\/posts\/122763","targetHints":{"allow":["GET"]}}],"collection":[{"href":"https:\/\/iparaiba.com.br\/index.php\/wp-json\/wp\/v2\/posts"}],"about":[{"href":"https:\/\/iparaiba.com.br\/index.php\/wp-json\/wp\/v2\/types\/post"}],"author":[{"embeddable":true,"href":"https:\/\/iparaiba.com.br\/index.php\/wp-json\/wp\/v2\/users\/1"}],"replies":[{"embeddable":true,"href":"https:\/\/iparaiba.com.br\/index.php\/wp-json\/wp\/v2\/comments?post=122763"}],"version-history":[{"count":1,"href":"https:\/\/iparaiba.com.br\/index.php\/wp-json\/wp\/v2\/posts\/122763\/revisions"}],"predecessor-version":[{"id":122793,"href":"https:\/\/iparaiba.com.br\/index.php\/wp-json\/wp\/v2\/posts\/122763\/revisions\/122793"}],"wp:featuredmedia":[{"embeddable":true,"href":"https:\/\/iparaiba.com.br\/index.php\/wp-json\/wp\/v2\/media\/119146"}],"wp:attachment":[{"href":"https:\/\/iparaiba.com.br\/index.php\/wp-json\/wp\/v2\/media?parent=122763"}],"wp:term":[{"taxonomy":"category","embeddable":true,"href":"https:\/\/iparaiba.com.br\/index.php\/wp-json\/wp\/v2\/categories?post=122763"},{"taxonomy":"post_tag","embeddable":true,"href":"https:\/\/iparaiba.com.br\/index.php\/wp-json\/wp\/v2\/tags?post=122763"}],"curies":[{"name":"wp","href":"https:\/\/api.w.org\/{rel}","templated":true}]}}