{"id":122761,"date":"2024-09-02T16:00:16","date_gmt":"2024-09-02T19:00:16","guid":{"rendered":"https:\/\/onordeste.com.br\/?p=122751"},"modified":"2024-09-02T16:00:16","modified_gmt":"2024-09-02T19:00:16","slug":"cmjp-debate-a-cobranca-de-taxa-aos-personal-trainers-pelas-academias","status":"publish","type":"post","link":"https:\/\/iparaiba.com.br\/index.php\/2024\/09\/02\/cmjp-debate-a-cobranca-de-taxa-aos-personal-trainers-pelas-academias\/","title":{"rendered":"CMJP debate a cobran\u00e7a de taxa aos personal trainers pelas academias"},"content":{"rendered":"<p style=\"font-weight: 400;\">A C\u00e2mara Municipal de Jo\u00e3o Pessoa (CMJP) realizou debate sobre a cobran\u00e7a de taxa aos personal trainers pelas academias de Jo\u00e3o Pessoa. A sess\u00e3o especial foi proposta pela vereadora Ra\u00edssa Lacerda (PSB) e reuniu representantes da categoria.<\/p>\n<p style=\"font-weight: 400;\">Janieliton Alencar, representante da Uni\u00e3o dos Personal Trainers de Jo\u00e3o Pessoa (UP\/JP), disse que a categoria j\u00e1 vem buscando junto ao poder p\u00fablico uma abertura para debater o assunto. \u201cEstamos h\u00e1 meses buscando uma solu\u00e7\u00e3o e queremos o apoio do poder p\u00fablico, atrav\u00e9s de sess\u00f5es como esta, para desfazer esse erro e para que os profissionais possam ter livre acesso \u00e0s academias. Hoje, os servi\u00e7os do personal trainer est\u00e3o sendo cobrados, e isso tem um impacto muito grande na renda do profissional que, na maioria das vezes, trabalha em v\u00e1rias unidades, tendo que pagar taxa em cada uma que atua. Hoje possu\u00edmos cerca de seis mil profissionais em Jo\u00e3o Pessoa e na regi\u00e3o metropolitana e buscamos ter mais for\u00e7a para conseguir \u00eaxito na isen\u00e7\u00e3o\u201d, afirmou.<\/p>\n<p style=\"font-weight: 400;\">Rom\u00e1rio Leite, personal trainer, falou que a categoria batalha pela isen\u00e7\u00e3o desde 2015. \u201cImagina a situa\u00e7\u00e3o do profissional que est\u00e1 perdendo 15% da renda para a academia. Muitos est\u00e3o pagando para trabalhar, isso \u00e9 o que mais choca\u201d, acrescentou.<\/p>\n<p style=\"font-weight: 400;\">\u00c9lida Silva, personal trainer, afirmou que a taxa cobrada do profissional \u00e9 repassada ao cliente. \u201c\u00c9 inadmiss\u00edvel o propriet\u00e1rio de uma academia alegar que a taxa cobrada \u00e9 para pagar gastos do profissional, como papel higi\u00eanico. Estamos aqui para manter a sa\u00fade dos pessoenses, que as pessoas reflitam sobre isso\u201d, pontuou.<\/p>\n<p style=\"font-weight: 400;\">\u201cN\u00f3s somos mais que profissionais que trabalham promovendo a sa\u00fade das pessoas, somos pessoas que podem devolver a vida ao outro\u201d, colocou Alcides Neto, personal trainer.<\/p>\n<p style=\"font-weight: 400;\">Leandro Pereira, concluiu dizendo que o m\u00ednimo que a categoria merece \u00e9 respeito. \u201cN\u00e3o vamos desistir e vamos \u00e0 luta. Se tivermos que ir para as ruas novamente, iremos\u201d, finalizou.<\/p>\n<p style=\"font-weight: 400;\">Participaram ainda da sess\u00e3o especial Andr\u00e9ia Marques, personal trainer; Roberto Lacerda, advogado; entre outros.<\/p>\n","protected":false},"excerpt":{"rendered":"<p>A C\u00e2mara Municipal de Jo\u00e3o Pessoa (CMJP) realizou debate sobre a cobran\u00e7a de taxa aos personal trainers pelas academias de Jo\u00e3o Pessoa. A sess\u00e3o especial foi proposta pela vereadora Ra\u00edssa Lacerda (PSB) e reuniu representantes da categoria. Janieliton Alencar, representante da Uni\u00e3o dos Personal Trainers de Jo\u00e3o Pessoa (UP\/JP), disse que a categoria j\u00e1 vem &hellip;<\/p>\n","protected":false},"author":1,"featured_media":115387,"comment_status":"open","ping_status":"open","sticky":false,"template":"","format":"standard","meta":{"footnotes":""},"categories":[15],"tags":[],"class_list":["post-122761","post","type-post","status-publish","format-standard","has-post-thumbnail","hentry","category-links"],"_links":{"self":[{"href":"https:\/\/iparaiba.com.br\/index.php\/wp-json\/wp\/v2\/posts\/122761","targetHints":{"allow":["GET"]}}],"collection":[{"href":"https:\/\/iparaiba.com.br\/index.php\/wp-json\/wp\/v2\/posts"}],"about":[{"href":"https:\/\/iparaiba.com.br\/index.php\/wp-json\/wp\/v2\/types\/post"}],"author":[{"embeddable":true,"href":"https:\/\/iparaiba.com.br\/index.php\/wp-json\/wp\/v2\/users\/1"}],"replies":[{"embeddable":true,"href":"https:\/\/iparaiba.com.br\/index.php\/wp-json\/wp\/v2\/comments?post=122761"}],"version-history":[{"count":1,"href":"https:\/\/iparaiba.com.br\/index.php\/wp-json\/wp\/v2\/posts\/122761\/revisions"}],"predecessor-version":[{"id":122791,"href":"https:\/\/iparaiba.com.br\/index.php\/wp-json\/wp\/v2\/posts\/122761\/revisions\/122791"}],"wp:featuredmedia":[{"embeddable":true,"href":"https:\/\/iparaiba.com.br\/index.php\/wp-json\/wp\/v2\/media\/115387"}],"wp:attachment":[{"href":"https:\/\/iparaiba.com.br\/index.php\/wp-json\/wp\/v2\/media?parent=122761"}],"wp:term":[{"taxonomy":"category","embeddable":true,"href":"https:\/\/iparaiba.com.br\/index.php\/wp-json\/wp\/v2\/categories?post=122761"},{"taxonomy":"post_tag","embeddable":true,"href":"https:\/\/iparaiba.com.br\/index.php\/wp-json\/wp\/v2\/tags?post=122761"}],"curies":[{"name":"wp","href":"https:\/\/api.w.org\/{rel}","templated":true}]}}