{"id":122760,"date":"2024-09-02T14:14:59","date_gmt":"2024-09-02T17:14:59","guid":{"rendered":"https:\/\/onordeste.com.br\/?p=122748"},"modified":"2024-09-02T14:14:59","modified_gmt":"2024-09-02T17:14:59","slug":"funasa-saude-associacao-completa-30-anos-cuidando-de-pessoas","status":"publish","type":"post","link":"https:\/\/iparaiba.com.br\/index.php\/2024\/09\/02\/funasa-saude-associacao-completa-30-anos-cuidando-de-pessoas\/","title":{"rendered":"FUNASA SA\u00daDE: Associa\u00e7\u00e3o completa 30 anos cuidando de pessoas"},"content":{"rendered":"<p style=\"font-weight: 400;\">A Funasa Sa\u00fade completa 30 anos de hist\u00f3ria. A associa\u00e7\u00e3o genuinamente paraibana, sem finalidade lucrativa, continua sendo patrim\u00f4nio dos seus associados, tamb\u00e9m respons\u00e1veis pela sua gest\u00e3o e sustentabilidade. As atividades comemorativas est\u00e3o sendo programadas pela sua Diretoria Executiva e Conselhos, com a participa\u00e7\u00e3o dos colaboradores e associados, que se orgulham em fazer parte da sua hist\u00f3ria.<\/p>\n<p>Em 1998, a Funasa Sa\u00fade foi reconhecida pela Ag\u00eancia Nacional de Sa\u00fade Suplementar (ANS) como operadora de plano de como operadora de plano de sa\u00fade.<\/p>\n<p style=\"font-weight: 400;\">A hist\u00f3ria da Funasa Sa\u00fade remonta a um acordo trabalhista entre a extinta Sociedade An\u00f4nima de Eletrifica\u00e7\u00e3o da Para\u00edba (Saelpa) e o Sindicato dos Eletricit\u00e1rios do Estado da Para\u00edba (Sindeletric), no ano de 1991. O nome Funasa Sa\u00fade tem origem na gest\u00e3o inicial do plano de sa\u00fade, confiada pela Saelpa \u00e0 Funasa \u2013 Funda\u00e7\u00e3o Saelpa de Seguridade Social.<\/p>\n<p style=\"font-weight: 400;\">Coube aos diretores administrativos da Saelpa as provid\u00eancias iniciais para viabilizar a assist\u00eancia \u00e0 sa\u00fade aos eletricit\u00e1rios da Para\u00edba: em 1992,\u00a0<strong>Lindolfo Pires Neto<\/strong>\u00a0instituiu a primeira comiss\u00e3o para a criar um plano de sa\u00fade destinado ao grupo familiar dos empregados da empresa; em 1994,\u00a0<strong>Potengi Holanda de Lucena<\/strong>\u00a0definiu provid\u00eancias para presta\u00e7\u00e3o de assist\u00eancia m\u00e9dico-hospitalar, utilizando os servi\u00e7os do ambulat\u00f3rio m\u00e9dico da Saelpa e uma rede credenciada em todo estado da Para\u00edba, com atendimento presencial nas cidades de Jo\u00e3o Pessoa, Campina Grande, Patos e Sousa.<\/p>\n<p style=\"font-weight: 400;\">Desde 1999 a Funasa Sa\u00fade disponibiliza servi\u00e7os pr\u00f3prios para atendimento em diversas especialidades m\u00e9dicas, exames, fisioterapia, terapia ocupacional, psicologia, e fonoaudiologia, al\u00e9m de ampla rede credenciada de m\u00e9dicos, cl\u00ednicas especializadas, laborat\u00f3rios e hospitais, com cobertura em toda a Para\u00edba.<\/p>\n<p style=\"font-weight: 400;\">A excel\u00eancia da Funasa Sa\u00fade foi reconhecida v\u00e1rias vezes pela ANS, quando das avalia\u00e7\u00f5es trimestrais do Risco Assistencial e, anuais, da qualifica\u00e7\u00e3o nacional das operadoras, com divulga\u00e7\u00e3o do \u00cdndice de Desempenho de Sa\u00fade Suplementar (IDSS). Essas avalia\u00e7\u00f5es garantiram \u00e0 Funasa Sa\u00fade homenagens p\u00fablicas, em Congresso da Uni\u00e3o Nacional de Autogest\u00e3o em Sa\u00fade (Unidas), por obter nota m\u00e1xima.<\/p>\n<p style=\"font-weight: 400;\">Do Litoral ao Sert\u00e3o, a Funasa Sa\u00fade cumpre a sua miss\u00e3o de cuidar de pessoas e trabalha para promover bem-estar e sa\u00fade para milhares de paraibanos. Ao completar 30 anos de hist\u00f3ria, renova o compromisso buscar excel\u00eancia na presta\u00e7\u00e3o da assist\u00eancia \u00e0 sa\u00fade.<\/p>\n<p style=\"font-weight: 400;\">\n","protected":false},"excerpt":{"rendered":"<p>A Funasa Sa\u00fade completa 30 anos de hist\u00f3ria. A associa\u00e7\u00e3o genuinamente paraibana, sem finalidade lucrativa, continua sendo patrim\u00f4nio dos seus associados, tamb\u00e9m respons\u00e1veis pela sua gest\u00e3o e sustentabilidade. As atividades comemorativas est\u00e3o sendo programadas pela sua Diretoria Executiva e Conselhos, com a participa\u00e7\u00e3o dos colaboradores e associados, que se orgulham em fazer parte da sua &hellip;<\/p>\n","protected":false},"author":1,"featured_media":97479,"comment_status":"open","ping_status":"open","sticky":false,"template":"","format":"standard","meta":{"footnotes":""},"categories":[15],"tags":[],"class_list":["post-122760","post","type-post","status-publish","format-standard","has-post-thumbnail","hentry","category-links"],"_links":{"self":[{"href":"https:\/\/iparaiba.com.br\/index.php\/wp-json\/wp\/v2\/posts\/122760","targetHints":{"allow":["GET"]}}],"collection":[{"href":"https:\/\/iparaiba.com.br\/index.php\/wp-json\/wp\/v2\/posts"}],"about":[{"href":"https:\/\/iparaiba.com.br\/index.php\/wp-json\/wp\/v2\/types\/post"}],"author":[{"embeddable":true,"href":"https:\/\/iparaiba.com.br\/index.php\/wp-json\/wp\/v2\/users\/1"}],"replies":[{"embeddable":true,"href":"https:\/\/iparaiba.com.br\/index.php\/wp-json\/wp\/v2\/comments?post=122760"}],"version-history":[{"count":1,"href":"https:\/\/iparaiba.com.br\/index.php\/wp-json\/wp\/v2\/posts\/122760\/revisions"}],"predecessor-version":[{"id":122790,"href":"https:\/\/iparaiba.com.br\/index.php\/wp-json\/wp\/v2\/posts\/122760\/revisions\/122790"}],"wp:featuredmedia":[{"embeddable":true,"href":"https:\/\/iparaiba.com.br\/index.php\/wp-json\/wp\/v2\/media\/97479"}],"wp:attachment":[{"href":"https:\/\/iparaiba.com.br\/index.php\/wp-json\/wp\/v2\/media?parent=122760"}],"wp:term":[{"taxonomy":"category","embeddable":true,"href":"https:\/\/iparaiba.com.br\/index.php\/wp-json\/wp\/v2\/categories?post=122760"},{"taxonomy":"post_tag","embeddable":true,"href":"https:\/\/iparaiba.com.br\/index.php\/wp-json\/wp\/v2\/tags?post=122760"}],"curies":[{"name":"wp","href":"https:\/\/api.w.org\/{rel}","templated":true}]}}