{"id":122759,"date":"2024-09-02T12:12:17","date_gmt":"2024-09-02T15:12:17","guid":{"rendered":"https:\/\/onordeste.com.br\/?p=122746"},"modified":"2024-09-02T12:12:17","modified_gmt":"2024-09-02T15:12:17","slug":"aprovada-regulamentacao-do-fundo-municipal-para-a-inclusao-da-pessoa-com-deficiencia","status":"publish","type":"post","link":"https:\/\/iparaiba.com.br\/index.php\/2024\/09\/02\/aprovada-regulamentacao-do-fundo-municipal-para-a-inclusao-da-pessoa-com-deficiencia\/","title":{"rendered":"Aprovada regulamenta\u00e7\u00e3o do Fundo Municipal para a Inclus\u00e3o da Pessoa com Defici\u00eancia"},"content":{"rendered":"<p>A C\u00e2mara Municipal de Jo\u00e3o Pessoa (CMJP) aprovou, na sess\u00e3o ordin\u00e1ria desta quinta-feira (29), a regulamenta\u00e7\u00e3o, a estrutura e o funcionamento do Fundo Municipal para a Inclus\u00e3o da Pessoa com Defici\u00eancia (FUMPED) da Capital. O Plen\u00e1rio aprovou dez Projetos de Lei Ordin\u00e1ria (PLO), quatro Projetos de Decreto Legislativo (PDL) e um Projeto de Lei Complementar (PLC).<\/p>\n<p>O PLC\u00a0<a href=\"https:\/\/sapl.joaopessoa.pb.leg.br\/materia\/pesquisar-materia?tipo=5&amp;ementa=&amp;numero=55&amp;numeracao__numero_materia=&amp;numero_protocolo=&amp;ano=2024&amp;autoria__autor=&amp;autoria__primeiro_autor=unknown&amp;autoria__autor__tipo=&amp;autoria__autor__parlamentar_set__filiacao__part\" target=\"_blank\" rel=\"noopener\" data-saferedirecturl=\"https:\/\/www.google.com\/url?q=https:\/\/sapl.joaopessoa.pb.leg.br\/materia\/pesquisar-materia?tipo%3D5%26ementa%3D%26numero%3D55%26numeracao__numero_materia%3D%26numero_protocolo%3D%26ano%3D2024%26autoria__autor%3D%26autoria__primeiro_autor%3Dunknown%26autoria__autor__tipo%3D%26autoria__autor__parlamentar_set__filiacao__part&amp;source=gmail&amp;ust=1725368926790000&amp;usg=AOvVaw0vcgJhqPnIAHnfv1KbmhwK\">55\/2024<\/a>, aprovado, estabelece a regulamenta\u00e7\u00e3o, a estrutura e o funcionamento do Fundo Municipal para a Inclus\u00e3o da Pessoa com Defici\u00eancia (FUMPED), criado pelo Art. 20 da Lei Municipal n\u00ba 12.028\/2011. O FUMPED tem por finalidade centralizar a gest\u00e3o, capta\u00e7\u00e3o e aplica\u00e7\u00e3o de recursos destinados ao suporte e apoio financeiro para a implanta\u00e7\u00e3o e implementa\u00e7\u00e3o de a\u00e7\u00f5es e programas voltados \u00e0s pessoas com defici\u00eancia, incluindo repasse a entidades governamentais e n\u00e3o governamentais devidamente registradas no COMPED, assim como garantir o custeio das atividades do pr\u00f3prio Conselho. Suas a\u00e7\u00f5es t\u00eam por objetivo assegurar o cofinanciamento das a\u00e7\u00f5es relacionadas aos direitos sociais da pessoa com defici\u00eancia, criando condi\u00e7\u00f5es para promover sua autonomia, integra\u00e7\u00e3o e participa\u00e7\u00e3o efetiva na sociedade.<\/p>\n<p>Ainda foram aprovados o PLO\u00a0<a href=\"https:\/\/sapl.joaopessoa.pb.leg.br\/materia\/pesquisar-materia?tipo=1&amp;ementa=&amp;numero=2201&amp;numeracao__numero_materia=&amp;numero_protocolo=&amp;ano=2024&amp;autoria__autor=&amp;autoria__primeiro_autor=unknown&amp;autoria__autor__tipo=&amp;autoria__autor__parlamentar_set__filiacao__pa\" target=\"_blank\" rel=\"noopener\" data-saferedirecturl=\"https:\/\/www.google.com\/url?q=https:\/\/sapl.joaopessoa.pb.leg.br\/materia\/pesquisar-materia?tipo%3D1%26ementa%3D%26numero%3D2201%26numeracao__numero_materia%3D%26numero_protocolo%3D%26ano%3D2024%26autoria__autor%3D%26autoria__primeiro_autor%3Dunknown%26autoria__autor__tipo%3D%26autoria__autor__parlamentar_set__filiacao__pa&amp;source=gmail&amp;ust=1725368926790000&amp;usg=AOvVaw2feLX9tHi901Uw012kTPpN\">2201\/2024<\/a>, PLO\u00a0<a href=\"https:\/\/sapl.joaopessoa.pb.leg.br\/materia\/pesquisar-materia?tipo=1&amp;ementa=&amp;numero=2234&amp;numeracao__numero_materia=&amp;numero_protocolo=&amp;ano=2024&amp;autoria__autor\" target=\"_blank\" rel=\"noopener\" data-saferedirecturl=\"https:\/\/www.google.com\/url?q=https:\/\/sapl.joaopessoa.pb.leg.br\/materia\/pesquisar-materia?tipo%3D1%26ementa%3D%26numero%3D2234%26numeracao__numero_materia%3D%26numero_protocolo%3D%26ano%3D2024%26autoria__autor&amp;source=gmail&amp;ust=1725368926790000&amp;usg=AOvVaw3GjI85dhU85WlSrOzRAlBh\">2234\/2024<\/a>\u00a0e o PLO\u00a0<a href=\"https:\/\/sapl.joaopessoa.pb.leg.br\/materia\/pesquisar-materia?tipo=1&amp;ementa=&amp;numero=2217&amp;numeracao__numero_materia=&amp;numero_protocolo=&amp;ano=2024&amp;autoria__autor=&amp;autoria__primeiro_autor=unknown&amp;autoria__autor__tipo=&amp;autoria__autor__parlamentar_set__filiacao__pa\" target=\"_blank\" rel=\"noopener\" data-saferedirecturl=\"https:\/\/www.google.com\/url?q=https:\/\/sapl.joaopessoa.pb.leg.br\/materia\/pesquisar-materia?tipo%3D1%26ementa%3D%26numero%3D2217%26numeracao__numero_materia%3D%26numero_protocolo%3D%26ano%3D2024%26autoria__autor%3D%26autoria__primeiro_autor%3Dunknown%26autoria__autor__tipo%3D%26autoria__autor__parlamentar_set__filiacao__pa&amp;source=gmail&amp;ust=1725368926790000&amp;usg=AOvVaw05lPLNBIcwWKPRxGEPw3P_\">2217\/2024<\/a>\u00a0com autoriza\u00e7\u00e3o para a realoca\u00e7\u00e3o de dota\u00e7\u00f5es or\u00e7ament\u00e1rias no valor de R$ 1,035 milh\u00e3o, na Secretaria Municipal da Juventude, Esporte e Recrea\u00e7\u00e3o; no valor de R$ 14,030 milh\u00f5es, na C\u00e2mara Municipal; e no valor global de 2,593 milh\u00f5es, na Secretaria do Meio Ambiente e nos Encargos Gerais do Munic\u00edpio, recursos sob a Supervis\u00e3o da Secretaria das Finan\u00e7as.<\/p>\n<p>Outros tr\u00eas projetos foram aprovados para contratar opera\u00e7\u00e3o de cr\u00e9dito (financiamento): o PLO\u00a0<a href=\"https:\/\/sapl.joaopessoa.pb.leg.br\/materia\/pesquisar-materia?tipo=1&amp;ementa=&amp;numero=2208&amp;numeracao__numero_materia=&amp;numero_protocolo=&amp;ano=2024&amp;autoria__autor=&amp;autoria__primeiro_autor=unknown&amp;autoria__autor__tipo=&amp;autoria__autor__parlamentar_set__filiacao__pa\" target=\"_blank\" rel=\"noopener\" data-saferedirecturl=\"https:\/\/www.google.com\/url?q=https:\/\/sapl.joaopessoa.pb.leg.br\/materia\/pesquisar-materia?tipo%3D1%26ementa%3D%26numero%3D2208%26numeracao__numero_materia%3D%26numero_protocolo%3D%26ano%3D2024%26autoria__autor%3D%26autoria__primeiro_autor%3Dunknown%26autoria__autor__tipo%3D%26autoria__autor__parlamentar_set__filiacao__pa&amp;source=gmail&amp;ust=1725368926790000&amp;usg=AOvVaw0QVV86a4eTXTTY0mCeg9Ja\">2208\/2024<\/a>, at\u00e9 o valor de R$ 35.639.222,32, sendo os recursos resultantes do financiamento destinados \u00e0 constru\u00e7\u00e3o de unidades habitacionais, na Comunidade do S, localizada no bairro do R\u00f3ger; e os PLOs\u00a0<a href=\"https:\/\/sapl.joaopessoa.pb.leg.br\/materia\/pesquisar-materia?tipo=1&amp;ementa=&amp;numero=2180&amp;numeracao__numero_materia=&amp;numero_protocolo=&amp;ano=2024&amp;autoria__autor=&amp;autoria__primeiro_autor=unknown&amp;autoria__autor__tipo=&amp;autoria__autor__parlamentar_set__filiacao__pa\" target=\"_blank\" rel=\"noopener\" data-saferedirecturl=\"https:\/\/www.google.com\/url?q=https:\/\/sapl.joaopessoa.pb.leg.br\/materia\/pesquisar-materia?tipo%3D1%26ementa%3D%26numero%3D2180%26numeracao__numero_materia%3D%26numero_protocolo%3D%26ano%3D2024%26autoria__autor%3D%26autoria__primeiro_autor%3Dunknown%26autoria__autor__tipo%3D%26autoria__autor__parlamentar_set__filiacao__pa&amp;source=gmail&amp;ust=1725368926790000&amp;usg=AOvVaw3-bOQdVWRdpbBB2BU6Gpeg\">2180\/2024<\/a>\u00a0e\u00a0<a href=\"https:\/\/sapl.joaopessoa.pb.leg.br\/materia\/pesquisar-materia?tipo=1&amp;ementa=&amp;numero=2181&amp;numeracao__numero_materia=&amp;numero_protocolo=&amp;ano=2024&amp;autoria__autor=&amp;autoria__primeiro_autor=unknown&amp;autoria__autor__tipo=&amp;autoria__autor__parlamentar_set__filiacao__pa\" target=\"_blank\" rel=\"noopener\" data-saferedirecturl=\"https:\/\/www.google.com\/url?q=https:\/\/sapl.joaopessoa.pb.leg.br\/materia\/pesquisar-materia?tipo%3D1%26ementa%3D%26numero%3D2181%26numeracao__numero_materia%3D%26numero_protocolo%3D%26ano%3D2024%26autoria__autor%3D%26autoria__primeiro_autor%3Dunknown%26autoria__autor__tipo%3D%26autoria__autor__parlamentar_set__filiacao__pa&amp;source=gmail&amp;ust=1725368926790000&amp;usg=AOvVaw2z2ye6rAFPzDX7q_KytflO\">2181\/2024<\/a>, no valor de R$ 1.170.000,00 e R$ 2 milh\u00f5es, respectivamente, para urbaniza\u00e7\u00e3o e revitaliza\u00e7\u00e3o do Rio Jaguaribe e reestrutura\u00e7\u00e3o da Rede Integrada de Transporte.<\/p>\n<p>CMJP<\/p>\n<p>&nbsp;<\/p>\n","protected":false},"excerpt":{"rendered":"<p>A C\u00e2mara Municipal de Jo\u00e3o Pessoa (CMJP) aprovou, na sess\u00e3o ordin\u00e1ria desta quinta-feira (29), a regulamenta\u00e7\u00e3o, a estrutura e o funcionamento do Fundo Municipal para a Inclus\u00e3o da Pessoa com Defici\u00eancia (FUMPED) da Capital. O Plen\u00e1rio aprovou dez Projetos de Lei Ordin\u00e1ria (PLO), quatro Projetos de Decreto Legislativo (PDL) e um Projeto de Lei Complementar &hellip;<\/p>\n","protected":false},"author":1,"featured_media":99615,"comment_status":"open","ping_status":"open","sticky":false,"template":"","format":"standard","meta":{"footnotes":""},"categories":[8],"tags":[],"class_list":["post-122759","post","type-post","status-publish","format-standard","has-post-thumbnail","hentry","category-politica"],"_links":{"self":[{"href":"https:\/\/iparaiba.com.br\/index.php\/wp-json\/wp\/v2\/posts\/122759","targetHints":{"allow":["GET"]}}],"collection":[{"href":"https:\/\/iparaiba.com.br\/index.php\/wp-json\/wp\/v2\/posts"}],"about":[{"href":"https:\/\/iparaiba.com.br\/index.php\/wp-json\/wp\/v2\/types\/post"}],"author":[{"embeddable":true,"href":"https:\/\/iparaiba.com.br\/index.php\/wp-json\/wp\/v2\/users\/1"}],"replies":[{"embeddable":true,"href":"https:\/\/iparaiba.com.br\/index.php\/wp-json\/wp\/v2\/comments?post=122759"}],"version-history":[{"count":1,"href":"https:\/\/iparaiba.com.br\/index.php\/wp-json\/wp\/v2\/posts\/122759\/revisions"}],"predecessor-version":[{"id":122789,"href":"https:\/\/iparaiba.com.br\/index.php\/wp-json\/wp\/v2\/posts\/122759\/revisions\/122789"}],"wp:featuredmedia":[{"embeddable":true,"href":"https:\/\/iparaiba.com.br\/index.php\/wp-json\/wp\/v2\/media\/99615"}],"wp:attachment":[{"href":"https:\/\/iparaiba.com.br\/index.php\/wp-json\/wp\/v2\/media?parent=122759"}],"wp:term":[{"taxonomy":"category","embeddable":true,"href":"https:\/\/iparaiba.com.br\/index.php\/wp-json\/wp\/v2\/categories?post=122759"},{"taxonomy":"post_tag","embeddable":true,"href":"https:\/\/iparaiba.com.br\/index.php\/wp-json\/wp\/v2\/tags?post=122759"}],"curies":[{"name":"wp","href":"https:\/\/api.w.org\/{rel}","templated":true}]}}