{"id":122739,"date":"2024-08-26T10:49:16","date_gmt":"2024-08-26T13:49:16","guid":{"rendered":"https:\/\/onordeste.com.br\/?p=122698"},"modified":"2024-08-26T10:49:16","modified_gmt":"2024-08-26T13:49:16","slug":"camara-aprova-atualizacao-na-lei-que-rege-atividades-de-agentes-de-saude-e-combate-as-endemias","status":"publish","type":"post","link":"https:\/\/iparaiba.com.br\/index.php\/2024\/08\/26\/camara-aprova-atualizacao-na-lei-que-rege-atividades-de-agentes-de-saude-e-combate-as-endemias\/","title":{"rendered":"C\u00e2mara aprova atualiza\u00e7\u00e3o na lei que rege atividades de agentes de sa\u00fade e combate \u00e0s endemias"},"content":{"rendered":"<p>A C\u00e2mara Municipal de Jo\u00e3o Pessoa (CMJP) aprovou a atualiza\u00e7\u00e3o da lei que disp\u00f5e sobre a sele\u00e7\u00e3o p\u00fablica, atribui\u00e7\u00f5es e condi\u00e7\u00f5es para o exerc\u00edcio das atividades de agentes comunit\u00e1rios de sa\u00fade e de agentes de combate \u00e0s endemias. Ao todo, os vereadores aprovaram sete mat\u00e9rias, das quais tr\u00eas Projetos de Lei Ordin\u00e1ria (PLO), tr\u00eas Projetos de Decreto Legislativo (PDL) e uma Medida Provis\u00f3ria (MP). Ainda foi mantido um veto do Executivo Municipal e dois projetos foram retirados de pauta.<\/p>\n<p>A Medida Provis\u00f3ria (MP)\u00a0<a href=\"https:\/\/sapl.joaopessoa.pb.leg.br\/materia\/pesquisar-materia?tipo=16&amp;ementa=&amp;numero=49&amp;numeracao__numero_materia=&amp;numero_protocolo=&amp;ano=2024&amp;autoria__autor=&amp;autoria__primeiro_autor=unknown&amp;autoria__autor__tipo=&amp;autoria__autor__parlamentar_set__filiacao__par\" target=\"_blank\" rel=\"noopener\" data-saferedirecturl=\"https:\/\/www.google.com\/url?q=https:\/\/sapl.joaopessoa.pb.leg.br\/materia\/pesquisar-materia?tipo%3D16%26ementa%3D%26numero%3D49%26numeracao__numero_materia%3D%26numero_protocolo%3D%26ano%3D2024%26autoria__autor%3D%26autoria__primeiro_autor%3Dunknown%26autoria__autor__tipo%3D%26autoria__autor__parlamentar_set__filiacao__par&amp;source=gmail&amp;ust=1724766152232000&amp;usg=AOvVaw11pwq02Ex8SQJ7EjqDB-Po\">49\/2024<\/a>, acatada, disp\u00f5e sobre a sele\u00e7\u00e3o p\u00fablica, atribui\u00e7\u00f5es e condi\u00e7\u00f5es para o exerc\u00edcio das atividades de agentes comunit\u00e1rios de sa\u00fade e de agentes de combate \u00e0s endemias, alterando o art. 2\u00ba da Lei Municipal n.\u00ba 11.045, de 20 de junho de 2007, que passa a vigorar com a seguinte reda\u00e7\u00e3o: \u201cO ingresso nos cargos p\u00fablicos de Agentes Comunit\u00e1rios de Sa\u00fade e de Agentes de Combate \u00e0s Endemias, no \u00e2mbito do Munic\u00edpio de Jo\u00e3o Pessoa, dever\u00e1 ser precedido de concurso p\u00fablico de provas ou de provas e t\u00edtulos, de acordo com a natureza e a complexidade de suas atribui\u00e7\u00f5es e requisitos espec\u00edficos para o exerc\u00edcio das atividades, que atenda aos princ\u00edpios de legalidade, impessoalidade, moralidade, publicidade e efici\u00eancia\u201d.<\/p>\n<p>Tamb\u00e9m foram aprovados os seguintes projetos: 1741\/2023, instituindo o \u2018Dia do Orgulho da Fam\u00edlia\u2019 em 15 de maio; o 2198\/2024 e o 2199\/2024 com denomina\u00e7\u00e3o de Rua Sanfoneiro In\u00e1cio Virgolino Brand\u00e3o e Eliane Nascimento dos Santos, art\u00e9rias sem denomina\u00e7\u00e3o na cidade.<\/p>\n<p>&nbsp;<\/p>\n","protected":false},"excerpt":{"rendered":"<p>A C\u00e2mara Municipal de Jo\u00e3o Pessoa (CMJP) aprovou a atualiza\u00e7\u00e3o da lei que disp\u00f5e sobre a sele\u00e7\u00e3o p\u00fablica, atribui\u00e7\u00f5es e condi\u00e7\u00f5es para o exerc\u00edcio das atividades de agentes comunit\u00e1rios de sa\u00fade e de agentes de combate \u00e0s endemias. Ao todo, os vereadores aprovaram sete mat\u00e9rias, das quais tr\u00eas Projetos de Lei Ordin\u00e1ria (PLO), tr\u00eas Projetos &hellip;<\/p>\n","protected":false},"author":1,"featured_media":106247,"comment_status":"open","ping_status":"open","sticky":false,"template":"","format":"standard","meta":{"footnotes":""},"categories":[2],"tags":[],"class_list":["post-122739","post","type-post","status-publish","format-standard","has-post-thumbnail","hentry","category-saude"],"_links":{"self":[{"href":"https:\/\/iparaiba.com.br\/index.php\/wp-json\/wp\/v2\/posts\/122739","targetHints":{"allow":["GET"]}}],"collection":[{"href":"https:\/\/iparaiba.com.br\/index.php\/wp-json\/wp\/v2\/posts"}],"about":[{"href":"https:\/\/iparaiba.com.br\/index.php\/wp-json\/wp\/v2\/types\/post"}],"author":[{"embeddable":true,"href":"https:\/\/iparaiba.com.br\/index.php\/wp-json\/wp\/v2\/users\/1"}],"replies":[{"embeddable":true,"href":"https:\/\/iparaiba.com.br\/index.php\/wp-json\/wp\/v2\/comments?post=122739"}],"version-history":[{"count":0,"href":"https:\/\/iparaiba.com.br\/index.php\/wp-json\/wp\/v2\/posts\/122739\/revisions"}],"wp:featuredmedia":[{"embeddable":true,"href":"https:\/\/iparaiba.com.br\/index.php\/wp-json\/wp\/v2\/media\/106247"}],"wp:attachment":[{"href":"https:\/\/iparaiba.com.br\/index.php\/wp-json\/wp\/v2\/media?parent=122739"}],"wp:term":[{"taxonomy":"category","embeddable":true,"href":"https:\/\/iparaiba.com.br\/index.php\/wp-json\/wp\/v2\/categories?post=122739"},{"taxonomy":"post_tag","embeddable":true,"href":"https:\/\/iparaiba.com.br\/index.php\/wp-json\/wp\/v2\/tags?post=122739"}],"curies":[{"name":"wp","href":"https:\/\/api.w.org\/{rel}","templated":true}]}}