{"id":122738,"date":"2024-08-26T10:48:04","date_gmt":"2024-08-26T13:48:04","guid":{"rendered":"https:\/\/onordeste.com.br\/?p=122695"},"modified":"2024-08-26T10:48:04","modified_gmt":"2024-08-26T13:48:04","slug":"sessao-especial-comemora-o-dia-do-macom","status":"publish","type":"post","link":"https:\/\/iparaiba.com.br\/index.php\/2024\/08\/26\/sessao-especial-comemora-o-dia-do-macom\/","title":{"rendered":"Sess\u00e3o especial comemora o Dia do Ma\u00e7om"},"content":{"rendered":"<p style=\"font-weight: 400;\">O Dia do Ma\u00e7om, comemorado em 20 de agosto, foi marcado na C\u00e2mara Municipal de Jo\u00e3o Pessoa (CMJP) pela realiza\u00e7\u00e3o de sess\u00e3o especial para celebrar a data. A solenidade reuniu membros de v\u00e1rias Lojas Ma\u00e7\u00f4nicas da Para\u00edba e foi proposta pelo presidente da Casa, vereador Dinho (PSD).<\/p>\n<p style=\"font-weight: 400;\">O presidente da PAEL GOB PB (Poderosa Assembleia Estadual Legislativa), Nadir Valengo, falou sobre a import\u00e2ncia do Poder Legislativo realizar uma solenidade comemorativa ao Dia do Ma\u00e7om. \u201c\u00c9 muito importante participar de uma sess\u00e3o que reconhece os servi\u00e7os da Ma\u00e7onaria no universo, sempre voltados para beneficiar, colocando a solidariedade em primeiro lugar. Os ma\u00e7ons, de uma maneira em geral, visam o aperfei\u00e7oamento, e realizamos trabalhos com a comunidade, sobretudo com crian\u00e7as e m\u00e3es carentes, prestando a solidariedade na sua ess\u00eancia\u201d, afirmou.<\/p>\n<p style=\"font-weight: 400;\">Almir de Ara\u00fajo Oliveira parabenizou todos os irm\u00e3os ma\u00e7ons presente na sess\u00e3o. \u201cHoje comemoramos o Dia do Ma\u00e7om, data controversa quanto \u00e0 sua origem. N\u00f3s fazemos parte de uma institui\u00e7\u00e3o filos\u00f3fica, filantr\u00f3pica, educativa, de estudos e pesquisas, e a nossa responsabilidade \u00e9 muito grande. Desejo que este resto de ano seja auspicioso e que possamos, observando nossos princ\u00edpios ma\u00e7\u00f4nicos, contribuir n\u00e3o s\u00f3 com o engrandecimento da Ma\u00e7onaria, bem como com o futuro da nossa p\u00e1tria\u201d, acrescentou.<\/p>\n<p style=\"font-weight: 400;\">O gr\u00e3o mestre do GOB PB, Silvino Corsino, afirmou que a Ma\u00e7onaria \u00e9 fam\u00edlia, harmonia e paz, mas tamb\u00e9m compromisso e responsabilidade. \u201cA maior miss\u00e3o da Ma\u00e7onaria \u00e9 servir \u00e0 sociedade e \u00e0 cada munic\u00edpio em que est\u00e1 instalada uma Loja Ma\u00e7\u00f4nica\u201d, destacou.<\/p>\n<p style=\"font-weight: 400;\">\u201cEstamos aqui celebrando. N\u00e3o estamos prestando contas, estamos relembrando o que \u00e9 a Ma\u00e7onaria, para que serve e porque estamos aqui. Vamos celebrar porque estamos no caminho certo, realizando as mesmas miss\u00f5es, de forma correta, reta, justa e perfeita. \u00c9 isso que a Ma\u00e7onaria \u00e9\u201d, concluiu Leandro Vitor de Souza, mestre ma\u00e7om da Loja Jo\u00e3o Ros\u00e1rio D\u00f3ria.<\/p>\n<p style=\"font-weight: 400;\">Participaram ainda da sess\u00e3o especial os ma\u00e7ons Le\u00f4nidas Lima Bezerra; Alex Laurentino, entre outros.<\/p>\n<p style=\"font-weight: 400;\">\n","protected":false},"excerpt":{"rendered":"<p>O Dia do Ma\u00e7om, comemorado em 20 de agosto, foi marcado na C\u00e2mara Municipal de Jo\u00e3o Pessoa (CMJP) pela realiza\u00e7\u00e3o de sess\u00e3o especial para celebrar a data. A solenidade reuniu membros de v\u00e1rias Lojas Ma\u00e7\u00f4nicas da Para\u00edba e foi proposta pelo presidente da Casa, vereador Dinho (PSD). O presidente da PAEL GOB PB (Poderosa Assembleia &hellip;<\/p>\n","protected":false},"author":1,"featured_media":99615,"comment_status":"open","ping_status":"open","sticky":false,"template":"","format":"standard","meta":{"footnotes":""},"categories":[8],"tags":[],"class_list":["post-122738","post","type-post","status-publish","format-standard","has-post-thumbnail","hentry","category-politica"],"_links":{"self":[{"href":"https:\/\/iparaiba.com.br\/index.php\/wp-json\/wp\/v2\/posts\/122738","targetHints":{"allow":["GET"]}}],"collection":[{"href":"https:\/\/iparaiba.com.br\/index.php\/wp-json\/wp\/v2\/posts"}],"about":[{"href":"https:\/\/iparaiba.com.br\/index.php\/wp-json\/wp\/v2\/types\/post"}],"author":[{"embeddable":true,"href":"https:\/\/iparaiba.com.br\/index.php\/wp-json\/wp\/v2\/users\/1"}],"replies":[{"embeddable":true,"href":"https:\/\/iparaiba.com.br\/index.php\/wp-json\/wp\/v2\/comments?post=122738"}],"version-history":[{"count":0,"href":"https:\/\/iparaiba.com.br\/index.php\/wp-json\/wp\/v2\/posts\/122738\/revisions"}],"wp:featuredmedia":[{"embeddable":true,"href":"https:\/\/iparaiba.com.br\/index.php\/wp-json\/wp\/v2\/media\/99615"}],"wp:attachment":[{"href":"https:\/\/iparaiba.com.br\/index.php\/wp-json\/wp\/v2\/media?parent=122738"}],"wp:term":[{"taxonomy":"category","embeddable":true,"href":"https:\/\/iparaiba.com.br\/index.php\/wp-json\/wp\/v2\/categories?post=122738"},{"taxonomy":"post_tag","embeddable":true,"href":"https:\/\/iparaiba.com.br\/index.php\/wp-json\/wp\/v2\/tags?post=122738"}],"curies":[{"name":"wp","href":"https:\/\/api.w.org\/{rel}","templated":true}]}}