{"id":122737,"date":"2024-08-26T10:45:56","date_gmt":"2024-08-26T13:45:56","guid":{"rendered":"https:\/\/onordeste.com.br\/?p=122693"},"modified":"2024-08-26T10:45:56","modified_gmt":"2024-08-26T13:45:56","slug":"anvisaeduca-e-lancado","status":"publish","type":"post","link":"https:\/\/iparaiba.com.br\/index.php\/2024\/08\/26\/anvisaeduca-e-lancado\/","title":{"rendered":"AnvisaEduca \u00e9 lan\u00e7ado"},"content":{"rendered":"<p style=\"font-weight: 400;\">Numa parceria com a Ag\u00eancia Nacional de Vigil\u00e2ncia Sanit\u00e1ria (Anvisa), o Governo da Para\u00edba lan\u00e7ou o Projeto AnvisaEduca, que vai oferecer a\u00e7\u00f5es educativas em Vigil\u00e2ncia Sanit\u00e1ria para professores e alunos da Rede P\u00fablica Estadual de Ensino para capacit\u00e1-los a atuar como multiplicadores e contribuir efetivamente para o fortalecimento da promo\u00e7\u00e3o e defesa da sa\u00fade p\u00fablica no territ\u00f3rio paraibano.<\/p>\n<p style=\"font-weight: 400;\">Coordenado nacionalmente pela Anvisa e operacionalizado na Para\u00edba atrav\u00e9s da Ag\u00eancia Estadual de Vigil\u00e2ncia Sanit\u00e1ria (Agevisa\/PB) e das Secretarias de Estado da Sa\u00fade e da Educa\u00e7\u00e3o, o projeto piloto do AnvisaEduca foi lan\u00e7ado em solenidade realizada no Audit\u00f3rio do Centro de Forma\u00e7\u00e3o de Professores do Estado, no bairro de Mangabeira, em Jo\u00e3o Pessoa\/PB.<\/p>\n<p style=\"font-weight: 400;\">O evento reuniu o secret\u00e1rio de Estado da Educa\u00e7\u00e3o, Wilson Santiago Filho, o secret\u00e1rio executivo de Sa\u00fade, Patrick Lacerda, o diretor-geral da Agevisa\/PB, Geraldo Moreira de Menezes, o assessor chefe do SNVS da Anvisa, Jonas de Salles Cunha, o coordenador estrat\u00e9gico de A\u00e7\u00f5es em Vigil\u00e2ncia Sanit\u00e1ria da Anvisa, Cl\u00e1udio Nichizaua, gerentes e professores da 1\u00aa e da 16\u00aa Regionais de Educa\u00e7\u00e3o do Estado e dirigentes e profissionais da Agevisa e da SES\/PB. Houve tamb\u00e9m apresenta\u00e7\u00e3o da Banda Marcial da Escola Estadual Papa Paulo VI.<\/p>\n<p style=\"font-weight: 400;\"><strong>Informa\u00e7\u00f5es qualificadas \u2013<\/strong>\u00a0Falando em nome do Governo do Estado, o secret\u00e1rio de Educa\u00e7\u00e3o Wilson Filho ressaltou a import\u00e2ncia da oferta de educa\u00e7\u00e3o sanit\u00e1ria nas escolas da Para\u00edba e informou que o projeto piloto do AnvisaEduca, a ser implementado nas 1\u00aa e 16\u00aa Regi\u00f5es de Ensino, j\u00e1 come\u00e7a grande, pois vai levar informa\u00e7\u00f5es importantes e qualificadas para mais de cem mil alunos de 151 escolas da Rede Estadual de Ensino.<\/p>\n<p style=\"font-weight: 400;\">Em conformidade com a fala do secret\u00e1rio Wilson Filho, o diretor-geral da Agevisa\/PB, Geraldo Moreira de Menezes, acrescentou que, por meio dos conhecimentos proporcionados a partir da execu\u00e7\u00e3o do projeto AnvisaEduca, os professores e estudantes da rede p\u00fablica estadual de ensino passar\u00e3o a ser multiplicadores de informa\u00e7\u00f5es importantes para a garantia da seguran\u00e7a sanit\u00e1ria e, por conseguinte, para o fortalecimento da promo\u00e7\u00e3o e prote\u00e7\u00e3o da sa\u00fade p\u00fablica na Para\u00edba.<\/p>\n<p style=\"font-weight: 400;\">\u201cA partir dos conhecimentos adquiridos na \u00e1rea da seguran\u00e7a sanit\u00e1ria, eles v\u00e3o poder se proteger melhor e, tamb\u00e9m, contribuir para que as suas fam\u00edlias e os seus amigos n\u00e3o fiquem expostos a doen\u00e7as causadas por produtos que ofere\u00e7am riscos \u00e0s suas vidas, como os produtos com prazos de validade vencidos, por exemplo\u201d, explicou.<\/p>\n<p style=\"font-weight: 400;\">O coordenador estrat\u00e9gico de A\u00e7\u00f5es em Vigil\u00e2ncia Sanit\u00e1ria da Anvisa, Cl\u00e1udio Nichizaua, tamb\u00e9m ressaltou a import\u00e2ncia da informa\u00e7\u00e3o como instrumento capaz de fortalecer a promo\u00e7\u00e3o e prote\u00e7\u00e3o da sa\u00fade p\u00fablica. Citando o informativo radiof\u00f4nico Momento Agevisa, que vai ao ar no in\u00edcio das manh\u00e3s das quintas-feiras, dentro da programa\u00e7\u00e3o do Jornal Estadual da R\u00e1dio Tabajara, como importante estrat\u00e9gia de educa\u00e7\u00e3o em sa\u00fade, ele disse que o projeto AnvisaEduca foi planejado para oferecer aos professores e estudantes conte\u00fados bem elaborados e expostos por meio de uma linguagem simples e acess\u00edvel a todos, inclusive \u00e0s pessoas com algum tipo de defici\u00eancia, como a visual, por exemplo.<\/p>\n<p style=\"font-weight: 400;\"><strong>Apoio importante \u2013<\/strong>\u00a0O assessor chefe do Sistema Nacional de Vigil\u00e2ncia Sanit\u00e1ria, Jonas de Salles Cunha, explicou o porqu\u00ea de o projeto piloto do AnvisaEduca estar sendo implementado na Para\u00edba ressaltando o empenho do diretor-geral da Agevisa\/PB, Geraldo Moreira de Menezes, e o apoio do Governo da Para\u00edba, especialmente atrav\u00e9s do secret\u00e1rio da Educa\u00e7\u00e3o.<\/p>\n<p style=\"font-weight: 400;\">\u201cIsso foi um grande passo pra gente; uma certeza de que esse projeto poderia dar realmente certo\u201d, enfatizou. E acrescentou: \u201cEsse projeto, que come\u00e7ou grande, com 151 escolas, duas regionais (1\u00aa e 16\u00aa), 102 mil alunos, e com o apoio dos docentes e discentes dessas duas regionais, tem tudo para dar certo. N\u00f3s colocamos a nossa f\u00e9 em voc\u00eas, porque voc\u00eas ser\u00e3o os pilotos. A experi\u00eancia de voc\u00eas vai replicar para o Brasil todo\u201d.<\/p>\n<p style=\"font-weight: 400;\"><strong>Sobre o AnvisaEduca \u2013<\/strong>\u00a0O\u00a0AnvisaEduca conta com uma coordena\u00e7\u00e3o nacional, composta por uma equipe multidisciplinar de servidores da Anvisa, e ter\u00e1 coordena\u00e7\u00e3o estadual da Agevisa\/PB, em conjunto com a Secretaria da Educa\u00e7\u00e3o. Neste primeiro momento, ser\u00e3o contemplados professores e alunos das Escolas P\u00fablicas Estaduais de Ensino Fundamental e M\u00e9dio das 1\u00aa e 16\u00aa Ger\u00eancias Regionais de Educa\u00e7\u00e3o do Estado.<\/p>\n<p style=\"font-weight: 400;\">O projeto lan\u00e7a m\u00e3o de estrat\u00e9gias para a concep\u00e7\u00e3o e capacita\u00e7\u00e3o de educadores e outros profissionais das \u00e1reas da educa\u00e7\u00e3o, da sa\u00fade e da Vigil\u00e2ncia Sanit\u00e1ria, que levem para a comunidade escolar um trabalho voltado a a\u00e7\u00f5es educativas relacionadas ao uso e ao consumo com seguran\u00e7a de alimentos, medicamentos, cosm\u00e9ticos, dentre outros produtos e servi\u00e7os sujeitos \u00e0 vigil\u00e2ncia sanit\u00e1ria.<\/p>\n<p><span style=\"font-weight: 400;\">Os participantes tamb\u00e9m ser\u00e3o orientados sobre como e onde buscar o apoio da Anvisa e da Agevisa\/PB no caso de detectar algo errado sobre o consumo seguro, e poder\u00e3o vivenciar a pr\u00e1tica da Educa\u00e7\u00e3o em Sa\u00fade e aproveitar os benef\u00edcios do projeto quanto \u00e0 preven\u00e7\u00e3o de doen\u00e7as e agravos advindos do consumo e uso errado de alimentos, medicamentos, cosm\u00e9ticos, etc., como tamb\u00e9m aos benef\u00edcios de promo\u00e7\u00e3o da sa\u00fade.<\/span><\/p>\n","protected":false},"excerpt":{"rendered":"<p>Numa parceria com a Ag\u00eancia Nacional de Vigil\u00e2ncia Sanit\u00e1ria (Anvisa), o Governo da Para\u00edba lan\u00e7ou o Projeto AnvisaEduca, que vai oferecer a\u00e7\u00f5es educativas em Vigil\u00e2ncia Sanit\u00e1ria para professores e alunos da Rede P\u00fablica Estadual de Ensino para capacit\u00e1-los a atuar como multiplicadores e contribuir efetivamente para o fortalecimento da promo\u00e7\u00e3o e defesa da sa\u00fade p\u00fablica &hellip;<\/p>\n","protected":false},"author":1,"featured_media":110616,"comment_status":"open","ping_status":"open","sticky":false,"template":"","format":"standard","meta":{"footnotes":""},"categories":[6],"tags":[],"class_list":["post-122737","post","type-post","status-publish","format-standard","has-post-thumbnail","hentry","category-destaques"],"_links":{"self":[{"href":"https:\/\/iparaiba.com.br\/index.php\/wp-json\/wp\/v2\/posts\/122737","targetHints":{"allow":["GET"]}}],"collection":[{"href":"https:\/\/iparaiba.com.br\/index.php\/wp-json\/wp\/v2\/posts"}],"about":[{"href":"https:\/\/iparaiba.com.br\/index.php\/wp-json\/wp\/v2\/types\/post"}],"author":[{"embeddable":true,"href":"https:\/\/iparaiba.com.br\/index.php\/wp-json\/wp\/v2\/users\/1"}],"replies":[{"embeddable":true,"href":"https:\/\/iparaiba.com.br\/index.php\/wp-json\/wp\/v2\/comments?post=122737"}],"version-history":[{"count":0,"href":"https:\/\/iparaiba.com.br\/index.php\/wp-json\/wp\/v2\/posts\/122737\/revisions"}],"wp:featuredmedia":[{"embeddable":true,"href":"https:\/\/iparaiba.com.br\/index.php\/wp-json\/wp\/v2\/media\/110616"}],"wp:attachment":[{"href":"https:\/\/iparaiba.com.br\/index.php\/wp-json\/wp\/v2\/media?parent=122737"}],"wp:term":[{"taxonomy":"category","embeddable":true,"href":"https:\/\/iparaiba.com.br\/index.php\/wp-json\/wp\/v2\/categories?post=122737"},{"taxonomy":"post_tag","embeddable":true,"href":"https:\/\/iparaiba.com.br\/index.php\/wp-json\/wp\/v2\/tags?post=122737"}],"curies":[{"name":"wp","href":"https:\/\/api.w.org\/{rel}","templated":true}]}}