{"id":122736,"date":"2024-08-26T08:50:04","date_gmt":"2024-08-26T11:50:04","guid":{"rendered":"https:\/\/onordeste.com.br\/?p=122700"},"modified":"2024-08-26T08:50:04","modified_gmt":"2024-08-26T11:50:04","slug":"simonetti-destaca-a-interiorizacao-da-oab-e-a-defesa-das-prerrogativas","status":"publish","type":"post","link":"https:\/\/iparaiba.com.br\/index.php\/2024\/08\/26\/simonetti-destaca-a-interiorizacao-da-oab-e-a-defesa-das-prerrogativas\/","title":{"rendered":"Simonetti destaca a interioriza\u00e7\u00e3o da OAB e a defesa das prerrogativas"},"content":{"rendered":"<p>A seccional da OAB no Amazonas deu in\u00edcio \u00e0 3\u00aa Confer\u00eancia Estadual da Advocacia Amazonense. Com o tema Empreendedorismo e Tecnologia, esta edi\u00e7\u00e3o do evento pretende levantar a discuss\u00e3o sobre a gest\u00e3o jur\u00eddica frente aos avan\u00e7os tecnol\u00f3gicos. Natural de Manaus, o presidente do Conselho Federal da OAB, Beto Simonetti, participou da abertura do encontro, onde lembrou a rela\u00e7\u00e3o com o estado e refor\u00e7ou os esfor\u00e7os em prol da plena interioriza\u00e7\u00e3o da atua\u00e7\u00e3o da Ordem e na defesa das prerrogativas da classe.<\/p>\n<p>\u201cLutamos para interiorizar cada vez mais nossa atua\u00e7\u00e3o\u201d, declarou Beto Simonetti, que foi homenageado no evento. Ao complementar, ele falou sobre a import\u00e2ncia de a advocacia conhecer e reivindicar suas prerrogativas. \u201cNosso papel \u00e9 difundir e tornar palp\u00e1vel nossas conquistas para que todas e todos voc\u00eas saibam identificar uma situa\u00e7\u00e3o de desrespeito, e conhe\u00e7am o caminho da subse\u00e7\u00e3o e da seccional mais pr\u00f3xima para receber apoio e prote\u00e7\u00e3o em casos de viola\u00e7\u00f5es\u201d, disse.<\/p>\n<p>O presidente nacional da OAB tamb\u00e9m listou algumas das a\u00e7\u00f5es da Ordem para o desenvolvimento da jovem advocacia, como o acesso gratuito a cursos de forma\u00e7\u00e3o por meio da ESA Nacional e o investimento em salas de coworking gratuitas com computadores de ponta. &#8220;Nossa miss\u00e3o tem um fim pedag\u00f3gico. Promovemos uma educa\u00e7\u00e3o da classe para que se empodere e n\u00e3o baixe a cabe\u00e7a diante de uma viola\u00e7\u00e3o \u00e0s nossas prerrogativas&#8221;, refor\u00e7ou.<\/p>\n","protected":false},"excerpt":{"rendered":"<p>A seccional da OAB no Amazonas deu in\u00edcio \u00e0 3\u00aa Confer\u00eancia Estadual da Advocacia Amazonense. Com o tema Empreendedorismo e Tecnologia, esta edi\u00e7\u00e3o do evento pretende levantar a discuss\u00e3o sobre a gest\u00e3o jur\u00eddica frente aos avan\u00e7os tecnol\u00f3gicos. Natural de Manaus, o presidente do Conselho Federal da OAB, Beto Simonetti, participou da abertura do encontro, onde &hellip;<\/p>\n","protected":false},"author":1,"featured_media":107582,"comment_status":"open","ping_status":"open","sticky":false,"template":"","format":"standard","meta":{"footnotes":""},"categories":[9],"tags":[],"class_list":["post-122736","post","type-post","status-publish","format-standard","has-post-thumbnail","hentry","category-justica"],"_links":{"self":[{"href":"https:\/\/iparaiba.com.br\/index.php\/wp-json\/wp\/v2\/posts\/122736","targetHints":{"allow":["GET"]}}],"collection":[{"href":"https:\/\/iparaiba.com.br\/index.php\/wp-json\/wp\/v2\/posts"}],"about":[{"href":"https:\/\/iparaiba.com.br\/index.php\/wp-json\/wp\/v2\/types\/post"}],"author":[{"embeddable":true,"href":"https:\/\/iparaiba.com.br\/index.php\/wp-json\/wp\/v2\/users\/1"}],"replies":[{"embeddable":true,"href":"https:\/\/iparaiba.com.br\/index.php\/wp-json\/wp\/v2\/comments?post=122736"}],"version-history":[{"count":0,"href":"https:\/\/iparaiba.com.br\/index.php\/wp-json\/wp\/v2\/posts\/122736\/revisions"}],"wp:featuredmedia":[{"embeddable":true,"href":"https:\/\/iparaiba.com.br\/index.php\/wp-json\/wp\/v2\/media\/107582"}],"wp:attachment":[{"href":"https:\/\/iparaiba.com.br\/index.php\/wp-json\/wp\/v2\/media?parent=122736"}],"wp:term":[{"taxonomy":"category","embeddable":true,"href":"https:\/\/iparaiba.com.br\/index.php\/wp-json\/wp\/v2\/categories?post=122736"},{"taxonomy":"post_tag","embeddable":true,"href":"https:\/\/iparaiba.com.br\/index.php\/wp-json\/wp\/v2\/tags?post=122736"}],"curies":[{"name":"wp","href":"https:\/\/api.w.org\/{rel}","templated":true}]}}