{"id":122735,"date":"2024-08-26T10:44:07","date_gmt":"2024-08-26T13:44:07","guid":{"rendered":"https:\/\/onordeste.com.br\/?p=122691"},"modified":"2024-08-26T10:44:07","modified_gmt":"2024-08-26T13:44:07","slug":"cmjp-debate-cobranca-de-taxa-ao-personal-trainer","status":"publish","type":"post","link":"https:\/\/iparaiba.com.br\/index.php\/2024\/08\/26\/cmjp-debate-cobranca-de-taxa-ao-personal-trainer\/","title":{"rendered":"CMJP debate cobran\u00e7a de taxa ao personal trainer"},"content":{"rendered":"<p>A semana que compreende os dias entre 26 e 30 de agosto ser\u00e1 marcada, na C\u00e2mara Municipal de Jo\u00e3o Pessoa (CMJP), pela realiza\u00e7\u00e3o de sess\u00f5es solenes para entrega de honrarias, al\u00e9m de sess\u00f5es especiais para debater a cobran\u00e7a de taxa ao\u00a0<i>personal trainer<\/i>\u00a0pelas academias e a mobilidade p\u00fablica no ciclismo.<\/p>\n<p>Na segunda-feira (26), a partir das 14h, acontece a sess\u00e3o especial para debater a cobran\u00e7a de taxa ao\u00a0<i>personal trainer<\/i>\u00a0pelas academias em Jo\u00e3o Pessoa. A propositura \u00e9 da vereadora Ra\u00edssa Lacerda (PSB).<\/p>\n<p>Na ter\u00e7a-feira (27), a partir das 14h, ocorre a sess\u00e3o solene para entrega do T\u00edtulo de Cidad\u00e3o Pessoense ao Sr. Dami\u00e3o Evangelista Pereira. A propositura \u00e9 do vereador Carl\u00e3o (PL).<\/p>\n<p>Na quarta-feira (28), a C\u00e2mara realiza sess\u00e3o especial para discutir a mobilidade p\u00fablica no que se refere ao ciclismo na Capital. O debate foi proposto pelo vereador Coronel Sobreira (Novo).<\/p>\n<p>J\u00e1 na quinta-feira (29), a partir das 14h30, ser\u00e1 realizada a sess\u00e3o solene para entrega do T\u00edtulo de Cidad\u00e3o Pessoense ao Sr. Andr\u00e9 Pacelli Bezerra Viana, com propositura do vereador Marmuthe Cavalcanti (Republicanos).<\/p>\n<p>Encerrando a semana, na sexta-feira (30), \u00e0s 9h30, acontece a sess\u00e3o solene para entrega da Medalha Cidade de Jo\u00e3o Pessoa ao pastor Jos\u00e9 Kleper de Arruda Diniz. A propositura \u00e9 do vereador Durval Ferreira (PL).<\/p>\n","protected":false},"excerpt":{"rendered":"<p>A semana que compreende os dias entre 26 e 30 de agosto ser\u00e1 marcada, na C\u00e2mara Municipal de Jo\u00e3o Pessoa (CMJP), pela realiza\u00e7\u00e3o de sess\u00f5es solenes para entrega de honrarias, al\u00e9m de sess\u00f5es especiais para debater a cobran\u00e7a de taxa ao\u00a0personal trainer\u00a0pelas academias e a mobilidade p\u00fablica no ciclismo. Na segunda-feira (26), a partir das &hellip;<\/p>\n","protected":false},"author":1,"featured_media":115387,"comment_status":"open","ping_status":"open","sticky":false,"template":"","format":"standard","meta":{"footnotes":""},"categories":[8],"tags":[],"class_list":["post-122735","post","type-post","status-publish","format-standard","has-post-thumbnail","hentry","category-politica"],"_links":{"self":[{"href":"https:\/\/iparaiba.com.br\/index.php\/wp-json\/wp\/v2\/posts\/122735","targetHints":{"allow":["GET"]}}],"collection":[{"href":"https:\/\/iparaiba.com.br\/index.php\/wp-json\/wp\/v2\/posts"}],"about":[{"href":"https:\/\/iparaiba.com.br\/index.php\/wp-json\/wp\/v2\/types\/post"}],"author":[{"embeddable":true,"href":"https:\/\/iparaiba.com.br\/index.php\/wp-json\/wp\/v2\/users\/1"}],"replies":[{"embeddable":true,"href":"https:\/\/iparaiba.com.br\/index.php\/wp-json\/wp\/v2\/comments?post=122735"}],"version-history":[{"count":0,"href":"https:\/\/iparaiba.com.br\/index.php\/wp-json\/wp\/v2\/posts\/122735\/revisions"}],"wp:featuredmedia":[{"embeddable":true,"href":"https:\/\/iparaiba.com.br\/index.php\/wp-json\/wp\/v2\/media\/115387"}],"wp:attachment":[{"href":"https:\/\/iparaiba.com.br\/index.php\/wp-json\/wp\/v2\/media?parent=122735"}],"wp:term":[{"taxonomy":"category","embeddable":true,"href":"https:\/\/iparaiba.com.br\/index.php\/wp-json\/wp\/v2\/categories?post=122735"},{"taxonomy":"post_tag","embeddable":true,"href":"https:\/\/iparaiba.com.br\/index.php\/wp-json\/wp\/v2\/tags?post=122735"}],"curies":[{"name":"wp","href":"https:\/\/api.w.org\/{rel}","templated":true}]}}