{"id":122734,"date":"2024-08-28T18:20:32","date_gmt":"2024-08-28T21:20:32","guid":{"rendered":"https:\/\/onordeste.com.br\/?p=122734"},"modified":"2024-08-28T18:20:32","modified_gmt":"2024-08-28T21:20:32","slug":"seguranca-do-voto-e-tema-de-conversa-entre-ministra-carmen-lucia-e-influenciadores","status":"publish","type":"post","link":"https:\/\/iparaiba.com.br\/index.php\/2024\/08\/28\/seguranca-do-voto-e-tema-de-conversa-entre-ministra-carmen-lucia-e-influenciadores\/","title":{"rendered":"Seguran\u00e7a do voto \u00e9 tema de conversa entre ministra C\u00e1rmen L\u00facia e influenciadores"},"content":{"rendered":"<p>O direito ao voto livre e secreto, garantido pelo processo democr\u00e1tico, foi o foco da conversa entre a presidente do Tribunal Superior Eleitoral (TSE), ministra C\u00e1rmen L\u00facia, e influenciadores digitais durante o evento \u201cLeis e Likes: o Papel do Judici\u00e1rio e a Influ\u00eancia Digital\u201d. O encontro contou com rodas de conversa que reuniram ministros do Supremo Tribunal Federal (STF), autoridades judiciais e criadores de conte\u00fado. O evento foi organizado pelo STF, em parceria com o Redes Cordiais e o Instituto Vero, organiza\u00e7\u00f5es que atuam na educa\u00e7\u00e3o midi\u00e1tica.<\/p>\n<p>\u201cA presen\u00e7a de todos voc\u00eas aqui tem uma import\u00e2ncia muito especial\u201d, afirmou a ministra no in\u00edcio do encontro, quando apresentou a urna eletr\u00f4nica que ser\u00e1 utilizada nas Elei\u00e7\u00f5es 2024. \u201cComo cidad\u00e3, estou pedindo a\u00a0cada um dos senhores \u2013 que t\u00eam um papel muito mais importante porque t\u00eam a capacidade de falar com muito mais gente \u2013 e esperando apenas isto: confiem em voc\u00eas mesmos e confiem nessa urna. Ela pode dar a resposta que voc\u00eas querem\u201d, pontuou a ministra.<\/p>\n","protected":false},"excerpt":{"rendered":"<p>O direito ao voto livre e secreto, garantido pelo processo democr\u00e1tico, foi o foco da conversa entre a presidente do Tribunal Superior Eleitoral (TSE), ministra C\u00e1rmen L\u00facia, e influenciadores digitais durante o evento \u201cLeis e Likes: o Papel do Judici\u00e1rio e a Influ\u00eancia Digital\u201d. O encontro contou com rodas de conversa que reuniram ministros do &hellip;<\/p>\n","protected":false},"author":1,"featured_media":97742,"comment_status":"open","ping_status":"open","sticky":false,"template":"","format":"standard","meta":{"footnotes":""},"categories":[18],"tags":[],"class_list":["post-122734","post","type-post","status-publish","format-standard","has-post-thumbnail","hentry","category-brasil"],"_links":{"self":[{"href":"https:\/\/iparaiba.com.br\/index.php\/wp-json\/wp\/v2\/posts\/122734","targetHints":{"allow":["GET"]}}],"collection":[{"href":"https:\/\/iparaiba.com.br\/index.php\/wp-json\/wp\/v2\/posts"}],"about":[{"href":"https:\/\/iparaiba.com.br\/index.php\/wp-json\/wp\/v2\/types\/post"}],"author":[{"embeddable":true,"href":"https:\/\/iparaiba.com.br\/index.php\/wp-json\/wp\/v2\/users\/1"}],"replies":[{"embeddable":true,"href":"https:\/\/iparaiba.com.br\/index.php\/wp-json\/wp\/v2\/comments?post=122734"}],"version-history":[{"count":1,"href":"https:\/\/iparaiba.com.br\/index.php\/wp-json\/wp\/v2\/posts\/122734\/revisions"}],"predecessor-version":[{"id":122756,"href":"https:\/\/iparaiba.com.br\/index.php\/wp-json\/wp\/v2\/posts\/122734\/revisions\/122756"}],"wp:featuredmedia":[{"embeddable":true,"href":"https:\/\/iparaiba.com.br\/index.php\/wp-json\/wp\/v2\/media\/97742"}],"wp:attachment":[{"href":"https:\/\/iparaiba.com.br\/index.php\/wp-json\/wp\/v2\/media?parent=122734"}],"wp:term":[{"taxonomy":"category","embeddable":true,"href":"https:\/\/iparaiba.com.br\/index.php\/wp-json\/wp\/v2\/categories?post=122734"},{"taxonomy":"post_tag","embeddable":true,"href":"https:\/\/iparaiba.com.br\/index.php\/wp-json\/wp\/v2\/tags?post=122734"}],"curies":[{"name":"wp","href":"https:\/\/api.w.org\/{rel}","templated":true}]}}