{"id":122728,"date":"2024-08-28T10:00:22","date_gmt":"2024-08-28T13:00:22","guid":{"rendered":"https:\/\/onordeste.com.br\/?p=122728"},"modified":"2024-08-28T10:00:22","modified_gmt":"2024-08-28T13:00:22","slug":"investigado-desvio-de-recursos-publicos-relacionado-ao-fornecimento-de-cestas-basicas","status":"publish","type":"post","link":"https:\/\/iparaiba.com.br\/index.php\/2024\/08\/28\/investigado-desvio-de-recursos-publicos-relacionado-ao-fornecimento-de-cestas-basicas\/","title":{"rendered":"Investigado desvio de recursos p\u00fablicos relacionado ao fornecimento de cestas b\u00e1sicas"},"content":{"rendered":"<p><strong>Palmas\/TO.<\/strong> A Pol\u00edcia Federal deflagrou a Opera\u00e7\u00e3o Fames-19, que tem como objetivo aprofundar investiga\u00e7\u00f5es relacionadas ao desvio de recursos p\u00fablicos da COVID-19 utilizados para o pagamento a empresas contratadas para o fornecimento de cestas b\u00e1sicas.<\/p>\n<p>Os inqu\u00e9ritos, que tramitam sob sigilo na Corte Especial do Superior Tribunal de Justi\u00e7a, indicaram a presen\u00e7a de fortes ind\u00edcios da exist\u00eancia de um esquema montado entre os anos de 2020 e 2021, utilizando-se do estado de emerg\u00eancia em sa\u00fade p\u00fablica e assist\u00eancia social, consistente na contrata\u00e7\u00e3o de grupos de empresas previamente selecionadas para o fornecimento de cestas b\u00e1sicas, as quais receberiam a totalidade do valor contratado, por\u00e9m entregariam apenas parte do quantitativo acordado.<\/p>\n<p>S\u00e3o cumpridos 42 mandados de busca e apreens\u00e3o em Tocantins e outras medidas cautelares patrimoniais, todas expedidas pelo STJ.<\/p>\n<p>O nome da opera\u00e7\u00e3o faz refer\u00eancia \u00e0 inseguran\u00e7a alimentar ocasionada pela pandemia de COVID-19, cujas a\u00e7\u00f5es p\u00fablicas se destinavam a combater, por\u00e9m tornaram-se um meio de desvio de recursos p\u00fablicos. Fames significa fome em latim e 19 faz alus\u00e3o ao per\u00edodo pand\u00eamico.<\/p>\n<p>A Pol\u00edcia Federal disponibiliza o e-mail delecor.drcor.srto@pf.gov.br e a conta Whatsapp (63) 3236-5422 para o recebimento de den\u00fancias e outras informa\u00e7\u00f5es referentes aos fatos, al\u00e9m do servi\u00e7o de plant\u00e3o na pr\u00f3pria Superintend\u00eancia Regional no Tocantins.<\/p>\n<p><em>Comunica\u00e7\u00e3o Social da Pol\u00edcia Federal no Tocantins<\/em><\/p>\n","protected":false},"excerpt":{"rendered":"<p>Palmas\/TO. A Pol\u00edcia Federal deflagrou a Opera\u00e7\u00e3o Fames-19, que tem como objetivo aprofundar investiga\u00e7\u00f5es relacionadas ao desvio de recursos p\u00fablicos da COVID-19 utilizados para o pagamento a empresas contratadas para o fornecimento de cestas b\u00e1sicas. Os inqu\u00e9ritos, que tramitam sob sigilo na Corte Especial do Superior Tribunal de Justi\u00e7a, indicaram a presen\u00e7a de fortes ind\u00edcios &hellip;<\/p>\n","protected":false},"author":1,"featured_media":109502,"comment_status":"open","ping_status":"open","sticky":false,"template":"","format":"standard","meta":{"footnotes":""},"categories":[13],"tags":[],"class_list":["post-122728","post","type-post","status-publish","format-standard","has-post-thumbnail","hentry","category-policial"],"_links":{"self":[{"href":"https:\/\/iparaiba.com.br\/index.php\/wp-json\/wp\/v2\/posts\/122728","targetHints":{"allow":["GET"]}}],"collection":[{"href":"https:\/\/iparaiba.com.br\/index.php\/wp-json\/wp\/v2\/posts"}],"about":[{"href":"https:\/\/iparaiba.com.br\/index.php\/wp-json\/wp\/v2\/types\/post"}],"author":[{"embeddable":true,"href":"https:\/\/iparaiba.com.br\/index.php\/wp-json\/wp\/v2\/users\/1"}],"replies":[{"embeddable":true,"href":"https:\/\/iparaiba.com.br\/index.php\/wp-json\/wp\/v2\/comments?post=122728"}],"version-history":[{"count":1,"href":"https:\/\/iparaiba.com.br\/index.php\/wp-json\/wp\/v2\/posts\/122728\/revisions"}],"predecessor-version":[{"id":122753,"href":"https:\/\/iparaiba.com.br\/index.php\/wp-json\/wp\/v2\/posts\/122728\/revisions\/122753"}],"wp:featuredmedia":[{"embeddable":true,"href":"https:\/\/iparaiba.com.br\/index.php\/wp-json\/wp\/v2\/media\/109502"}],"wp:attachment":[{"href":"https:\/\/iparaiba.com.br\/index.php\/wp-json\/wp\/v2\/media?parent=122728"}],"wp:term":[{"taxonomy":"category","embeddable":true,"href":"https:\/\/iparaiba.com.br\/index.php\/wp-json\/wp\/v2\/categories?post=122728"},{"taxonomy":"post_tag","embeddable":true,"href":"https:\/\/iparaiba.com.br\/index.php\/wp-json\/wp\/v2\/tags?post=122728"}],"curies":[{"name":"wp","href":"https:\/\/api.w.org\/{rel}","templated":true}]}}