{"id":122724,"date":"2024-08-28T06:10:07","date_gmt":"2024-08-28T09:10:07","guid":{"rendered":"https:\/\/onordeste.com.br\/?p=122724"},"modified":"2024-08-28T06:10:07","modified_gmt":"2024-08-28T09:10:07","slug":"pf-combate-contrabando-de-migrantes","status":"publish","type":"post","link":"https:\/\/iparaiba.com.br\/index.php\/2024\/08\/28\/pf-combate-contrabando-de-migrantes\/","title":{"rendered":"PF combate contrabando de migrantes"},"content":{"rendered":"<p><b>S\u00e3o Paulo\/SP.\u00a0<\/b>A Pol\u00edcia Federal deflagrou a Opera\u00e7\u00e3o Vuelta, com o objetivo de combater os delitos de contrabando de migrantes, organiza\u00e7\u00e3o criminosa, falsidade ideol\u00f3gica e uso de documento falso.<\/p>\n<p>A investiga\u00e7\u00e3o identificou a atua\u00e7\u00e3o de uma organiza\u00e7\u00e3o criminosa internacional, com atividades na Rep\u00fablica Dominicana, onde s\u00e3o recrutadas as v\u00edtimas do contrabando; no Brasil, que seria o pa\u00eds de passagem; na Col\u00f4mbia e na Espanha, onde s\u00e3o obtidos os documentos de viagem falsos e de terceiros.<\/p>\n<p>Foram cumpridos dois mandados de busca e apreens\u00e3o em Guarulhos\/SP, um mandado de pris\u00e3o e um Termo Circunstanciado pelo artigo 308 do C\u00f3digo Penal. Na mesma ocasi\u00e3o, duas v\u00edtimas do contrabando de pessoas foram encontradas em um voo que partiu da Rep\u00fablica Dominicana e chegou ao Brasil na madrugada.<\/p>\n<p>Na casa onde foi cumprido um dos mandados de busca e apreens\u00e3o, foram encontradas outras 13 pessoas que estariam utilizando o Brasil como rota de contrabando de migrantes.<\/p>\n<p>A opera\u00e7\u00e3o contou com o apoio do Departamento de Trata de Pessoas da Policia nacional da Republica Domincana, o CCPI atrav\u00e9s do oficial de liga\u00e7\u00e3o da Pol\u00edcia Nacional espanhola, e o Punto Atenas da CGEF da Pol\u00edcia Nacional da Espanha.<\/p>\n<p align=\"right\"><em>Comunica\u00e7\u00e3o Social da Pol\u00edcia Federal em S\u00e3o Paulo<\/em><\/p>\n","protected":false},"excerpt":{"rendered":"<p>S\u00e3o Paulo\/SP.\u00a0A Pol\u00edcia Federal deflagrou a Opera\u00e7\u00e3o Vuelta, com o objetivo de combater os delitos de contrabando de migrantes, organiza\u00e7\u00e3o criminosa, falsidade ideol\u00f3gica e uso de documento falso. A investiga\u00e7\u00e3o identificou a atua\u00e7\u00e3o de uma organiza\u00e7\u00e3o criminosa internacional, com atividades na Rep\u00fablica Dominicana, onde s\u00e3o recrutadas as v\u00edtimas do contrabando; no Brasil, que seria o &hellip;<\/p>\n","protected":false},"author":1,"featured_media":119146,"comment_status":"open","ping_status":"open","sticky":false,"template":"","format":"standard","meta":{"footnotes":""},"categories":[13],"tags":[],"class_list":["post-122724","post","type-post","status-publish","format-standard","has-post-thumbnail","hentry","category-policial"],"_links":{"self":[{"href":"https:\/\/iparaiba.com.br\/index.php\/wp-json\/wp\/v2\/posts\/122724","targetHints":{"allow":["GET"]}}],"collection":[{"href":"https:\/\/iparaiba.com.br\/index.php\/wp-json\/wp\/v2\/posts"}],"about":[{"href":"https:\/\/iparaiba.com.br\/index.php\/wp-json\/wp\/v2\/types\/post"}],"author":[{"embeddable":true,"href":"https:\/\/iparaiba.com.br\/index.php\/wp-json\/wp\/v2\/users\/1"}],"replies":[{"embeddable":true,"href":"https:\/\/iparaiba.com.br\/index.php\/wp-json\/wp\/v2\/comments?post=122724"}],"version-history":[{"count":1,"href":"https:\/\/iparaiba.com.br\/index.php\/wp-json\/wp\/v2\/posts\/122724\/revisions"}],"predecessor-version":[{"id":122751,"href":"https:\/\/iparaiba.com.br\/index.php\/wp-json\/wp\/v2\/posts\/122724\/revisions\/122751"}],"wp:featuredmedia":[{"embeddable":true,"href":"https:\/\/iparaiba.com.br\/index.php\/wp-json\/wp\/v2\/media\/119146"}],"wp:attachment":[{"href":"https:\/\/iparaiba.com.br\/index.php\/wp-json\/wp\/v2\/media?parent=122724"}],"wp:term":[{"taxonomy":"category","embeddable":true,"href":"https:\/\/iparaiba.com.br\/index.php\/wp-json\/wp\/v2\/categories?post=122724"},{"taxonomy":"post_tag","embeddable":true,"href":"https:\/\/iparaiba.com.br\/index.php\/wp-json\/wp\/v2\/tags?post=122724"}],"curies":[{"name":"wp","href":"https:\/\/api.w.org\/{rel}","templated":true}]}}