{"id":122722,"date":"2024-08-27T18:10:31","date_gmt":"2024-08-27T21:10:31","guid":{"rendered":"https:\/\/onordeste.com.br\/?p=122722"},"modified":"2024-08-27T18:10:31","modified_gmt":"2024-08-27T21:10:31","slug":"central-de-transplantes-registra-9a-doacao-de-coracao-do-ano","status":"publish","type":"post","link":"https:\/\/iparaiba.com.br\/index.php\/2024\/08\/27\/central-de-transplantes-registra-9a-doacao-de-coracao-do-ano\/","title":{"rendered":"Central de Transplantes registra 9\u00aa doa\u00e7\u00e3o de cora\u00e7\u00e3o do ano"},"content":{"rendered":"<p>A Central de Transplantes da Para\u00edba realizou, no fim da manh\u00e3 deste s\u00e1bado (24), a sua 9\u00aa doa\u00e7\u00e3o de cora\u00e7\u00e3o e 35\u00aa doa\u00e7\u00e3o de m\u00faltiplos \u00f3rg\u00e3os do ano.\u00a0 A doa\u00e7\u00e3o aconteceu no Hospital de Trauma de Campina Grande, e foi feita por uma jovem de 20 anos, v\u00edtima de um Acidente Vascular Encef\u00e1lico Hemorr\u00e1gico (AVEH), cujos \u00f3rg\u00e3os foram destinados para pacientes paraibanos e pernambucanos.<\/p>\n<p>A paciente chegou na unidade no \u00faltimo dia 20 de agosto, quando ficou internada na Unidade de Terapia Intensiva (UTI). A doa\u00e7\u00e3o aconteceu ap\u00f3s a confirma\u00e7\u00e3o da morte encef\u00e1lica, determinada por meio de rigoroso protocolo de confirma\u00e7\u00e3o, e entrevista familiar positiva. Al\u00e9m do cora\u00e7\u00e3o, foram doados o f\u00edgado, o rim esquerdo e as c\u00f3rneas.<\/p>\n<p>A cirurgia para a capta\u00e7\u00e3o dos \u00f3rg\u00e3os teve in\u00edcio pouco antes das 12h. O cora\u00e7\u00e3o foi o primeiro \u00f3rg\u00e3o a ser retirado, e levado de imediato para o estado de Pernambuco, onde o paciente receptor, de 63 anos, j\u00e1 aguardava. O transporte foi feito por um helic\u00f3ptero da Secretaria de Seguran\u00e7a P\u00fablica do estado vizinho. O f\u00edgado e o rim foram retirados na sequ\u00eancia, sendo cada \u00f3rg\u00e3o encaminhado para seus receptores, sendo o f\u00edgado recebido por um paraibano de 25 anos, e o rim esquerdo, beneficiando uma mulher de 54 anos. As c\u00f3rneas foram levadas para o Banco de Olhos da Para\u00edba.<\/p>\n<p>A diretora da Central de Transplantes da Para\u00edba, Rafaela Dias, destacou que essa doa\u00e7\u00e3o tem um significado muito especial para o servi\u00e7o no estado.\u00a0\u201cEssa foi nossa 35\u00aa\u00a0doa\u00e7\u00e3o do ano, que d\u00e1 uma m\u00e9dia de mais de quatro doa\u00e7\u00f5es por m\u00eas; a 9\u00aa\u00a0doa\u00e7\u00e3o de cora\u00e7\u00e3o, sendo seis transplantes realizados na Para\u00edba e tr\u00eas em Pernambuco, e tamb\u00e9m elevando a m\u00e9dia do nosso n\u00famero de doa\u00e7\u00f5es de cora\u00e7\u00e3o, superando o n\u00famero de uma por m\u00eas. Ent\u00e3o hoje \u00e9 motivo de agradecer mais uma vez a essa fam\u00edlia doadora, sabendo que esse gesto de amor ao pr\u00f3ximo est\u00e1 salvando a vida de outras pessoas. A doa\u00e7\u00e3o de \u00f3rg\u00e3os s\u00f3 existe porque t\u00eam pessoas boas, que pensam no pr\u00f3ximo\u201d, pontuou.<\/p>\n<p>Em 2024, a Para\u00edba j\u00e1 realizou 198 cirurgias de transplantes, sendo seis de cora\u00e7\u00e3o, 15 de rim, 23 de f\u00edgado, nove de medula \u00f3ssea e 145 de c\u00f3rneas.<\/p>\n","protected":false},"excerpt":{"rendered":"<p>A Central de Transplantes da Para\u00edba realizou, no fim da manh\u00e3 deste s\u00e1bado (24), a sua 9\u00aa doa\u00e7\u00e3o de cora\u00e7\u00e3o e 35\u00aa doa\u00e7\u00e3o de m\u00faltiplos \u00f3rg\u00e3os do ano.\u00a0 A doa\u00e7\u00e3o aconteceu no Hospital de Trauma de Campina Grande, e foi feita por uma jovem de 20 anos, v\u00edtima de um Acidente Vascular Encef\u00e1lico Hemorr\u00e1gico (AVEH), &hellip;<\/p>\n","protected":false},"author":1,"featured_media":100822,"comment_status":"open","ping_status":"open","sticky":false,"template":"","format":"standard","meta":{"footnotes":""},"categories":[2],"tags":[],"class_list":["post-122722","post","type-post","status-publish","format-standard","has-post-thumbnail","hentry","category-saude"],"_links":{"self":[{"href":"https:\/\/iparaiba.com.br\/index.php\/wp-json\/wp\/v2\/posts\/122722","targetHints":{"allow":["GET"]}}],"collection":[{"href":"https:\/\/iparaiba.com.br\/index.php\/wp-json\/wp\/v2\/posts"}],"about":[{"href":"https:\/\/iparaiba.com.br\/index.php\/wp-json\/wp\/v2\/types\/post"}],"author":[{"embeddable":true,"href":"https:\/\/iparaiba.com.br\/index.php\/wp-json\/wp\/v2\/users\/1"}],"replies":[{"embeddable":true,"href":"https:\/\/iparaiba.com.br\/index.php\/wp-json\/wp\/v2\/comments?post=122722"}],"version-history":[{"count":1,"href":"https:\/\/iparaiba.com.br\/index.php\/wp-json\/wp\/v2\/posts\/122722\/revisions"}],"predecessor-version":[{"id":122750,"href":"https:\/\/iparaiba.com.br\/index.php\/wp-json\/wp\/v2\/posts\/122722\/revisions\/122750"}],"wp:featuredmedia":[{"embeddable":true,"href":"https:\/\/iparaiba.com.br\/index.php\/wp-json\/wp\/v2\/media\/100822"}],"wp:attachment":[{"href":"https:\/\/iparaiba.com.br\/index.php\/wp-json\/wp\/v2\/media?parent=122722"}],"wp:term":[{"taxonomy":"category","embeddable":true,"href":"https:\/\/iparaiba.com.br\/index.php\/wp-json\/wp\/v2\/categories?post=122722"},{"taxonomy":"post_tag","embeddable":true,"href":"https:\/\/iparaiba.com.br\/index.php\/wp-json\/wp\/v2\/tags?post=122722"}],"curies":[{"name":"wp","href":"https:\/\/api.w.org\/{rel}","templated":true}]}}