{"id":122718,"date":"2024-08-27T14:05:28","date_gmt":"2024-08-27T17:05:28","guid":{"rendered":"https:\/\/onordeste.com.br\/?p=122718"},"modified":"2024-08-27T14:05:28","modified_gmt":"2024-08-27T17:05:28","slug":"concerto-da-orquestra-sinfonica-tem-opera-e-musica-para-flauta-solista","status":"publish","type":"post","link":"https:\/\/iparaiba.com.br\/index.php\/2024\/08\/27\/concerto-da-orquestra-sinfonica-tem-opera-e-musica-para-flauta-solista\/","title":{"rendered":"Concerto da Orquestra Sinf\u00f4nica tem \u00f3pera e m\u00fasica para flauta solista"},"content":{"rendered":"<p class=\"Standard\">A Orquestra Sinf\u00f4nica da Para\u00edba apresenta concerto nesta quinta-feira, 29 de agosto, com destaque para solo de flauta, com o m\u00fasico pernambucano Rog\u00e9rio Acioli, e o prel\u00fadio de uma das \u00f3peras mais conhecidas do mundo. Com reg\u00eancia do maestro Gustavo de Paco de Gea, a apresenta\u00e7\u00e3o come\u00e7a\u00a0 \u00e0s 20h30, na Sala de Concertos Maestro Jos\u00e9 Siqueira, no Espa\u00e7o Cultural, com entrada gratuita.<\/p>\n<p class=\"Standarduser\">O concerto vai ser iniciado com \u201cChacony em Sol Menor\u201d, de autoria do ingl\u00eas Henry Purcell, um dos grandes nomes da m\u00fasica barroca, que al\u00e9m de compositor era cantor, instrumentista e construtor de instrumentos. Em seguida, o flautista Rog\u00e9rio Acioli vai acompanhar a orquestra do \u201cConcerto em Mi Menor para Flauta Solista\u201d, do compositor e professor italiano Severio Mercadante, que cont\u00e9m os movimentos Allegro Maestoso, Largo e Allegro Vivace (Rond\u00f3 Russo).<\/p>\n<p class=\"Standarduser\">Uma das atra\u00e7\u00f5es deste concerto \u00e9 o prel\u00fadio de uma obra que \u00e9 considerada uma das primeiras composi\u00e7\u00f5es do realismo oper\u00edstico italiano, a \u201cCavalleria Rusticana\u201d, do maestro e compositor Pietro Mascagni.<\/p>\n<p class=\"Standarduser\">Para encerrar, a orquestra vai tocar uma das m\u00fasicas mais conhecidas da obra erudita, a \u201cTocata e Fuga em R\u00e9 Menor\u201d, do m\u00fasico, compositor e organista alem\u00e3o, Johann Sebastian Bach, e do regente ingl\u00eas Leopold Stokowski.<\/p>\n<p class=\"Standard\">O maestro Gustavo de Paco falou sobre o repert\u00f3rio deste concerto. \u201cIniciaremos com uma obra barroca de um autor ingl\u00eas chamado Henry Purcell, que \u00e9 uma homenagem que eu quero fazer a um m\u00fasico que foi da Orquestra Sinf\u00f4nica da Para\u00edba durante sua reativa\u00e7\u00e3o, em 1980, e que esteve no corpo de professores da nossa orquestra durante muitos anos. A homenagem vai ser esta primeira pe\u00e7a, a Chacony em Sol Menor, uma obra simples, s\u00f3 pra corda, com cravo, muito bonita\u201d, observou.<\/p>\n","protected":false},"excerpt":{"rendered":"<p>A Orquestra Sinf\u00f4nica da Para\u00edba apresenta concerto nesta quinta-feira, 29 de agosto, com destaque para solo de flauta, com o m\u00fasico pernambucano Rog\u00e9rio Acioli, e o prel\u00fadio de uma das \u00f3peras mais conhecidas do mundo. Com reg\u00eancia do maestro Gustavo de Paco de Gea, a apresenta\u00e7\u00e3o come\u00e7a\u00a0 \u00e0s 20h30, na Sala de Concertos Maestro Jos\u00e9 &hellip;<\/p>\n","protected":false},"author":1,"featured_media":115094,"comment_status":"open","ping_status":"open","sticky":false,"template":"","format":"standard","meta":{"footnotes":""},"categories":[4],"tags":[],"class_list":["post-122718","post","type-post","status-publish","format-standard","has-post-thumbnail","hentry","category-cultura"],"_links":{"self":[{"href":"https:\/\/iparaiba.com.br\/index.php\/wp-json\/wp\/v2\/posts\/122718","targetHints":{"allow":["GET"]}}],"collection":[{"href":"https:\/\/iparaiba.com.br\/index.php\/wp-json\/wp\/v2\/posts"}],"about":[{"href":"https:\/\/iparaiba.com.br\/index.php\/wp-json\/wp\/v2\/types\/post"}],"author":[{"embeddable":true,"href":"https:\/\/iparaiba.com.br\/index.php\/wp-json\/wp\/v2\/users\/1"}],"replies":[{"embeddable":true,"href":"https:\/\/iparaiba.com.br\/index.php\/wp-json\/wp\/v2\/comments?post=122718"}],"version-history":[{"count":1,"href":"https:\/\/iparaiba.com.br\/index.php\/wp-json\/wp\/v2\/posts\/122718\/revisions"}],"predecessor-version":[{"id":122748,"href":"https:\/\/iparaiba.com.br\/index.php\/wp-json\/wp\/v2\/posts\/122718\/revisions\/122748"}],"wp:featuredmedia":[{"embeddable":true,"href":"https:\/\/iparaiba.com.br\/index.php\/wp-json\/wp\/v2\/media\/115094"}],"wp:attachment":[{"href":"https:\/\/iparaiba.com.br\/index.php\/wp-json\/wp\/v2\/media?parent=122718"}],"wp:term":[{"taxonomy":"category","embeddable":true,"href":"https:\/\/iparaiba.com.br\/index.php\/wp-json\/wp\/v2\/categories?post=122718"},{"taxonomy":"post_tag","embeddable":true,"href":"https:\/\/iparaiba.com.br\/index.php\/wp-json\/wp\/v2\/tags?post=122718"}],"curies":[{"name":"wp","href":"https:\/\/api.w.org\/{rel}","templated":true}]}}