{"id":122709,"date":"2024-08-26T12:00:00","date_gmt":"2024-08-26T15:00:00","guid":{"rendered":"https:\/\/onordeste.com.br\/?p=122702"},"modified":"2024-08-26T12:00:00","modified_gmt":"2024-08-26T15:00:00","slug":"auditoria-vai-analisar-atribuicoes-da-agencia-nacional-de-aviacao-civil","status":"publish","type":"post","link":"https:\/\/iparaiba.com.br\/index.php\/2024\/08\/26\/auditoria-vai-analisar-atribuicoes-da-agencia-nacional-de-aviacao-civil\/","title":{"rendered":"Auditoria vai analisar atribui\u00e7\u00f5es da Ag\u00eancia Nacional de Avia\u00e7\u00e3o Civil"},"content":{"rendered":"<p>O Tribunal de Contas da Uni\u00e3o (TCU) vai realizar auditoria para verificar as atribui\u00e7\u00f5es normativas e regulat\u00f3rias da Ag\u00eancia Nacional de Avia\u00e7\u00e3o Civil (Anac). A iniciativa, de autoria do vice-presidente do TCU, ministro Vital do R\u00eago, considera o recente acidente a\u00e9reo envolvendo a empresa VoePass, que vitimou 62 pessoas.<\/p>\n<p>Com a fiscaliza\u00e7\u00e3o, o Tribunal vai verificar se a Anac tem cumprido adequadamente suas atribui\u00e7\u00f5es e identificar eventuais pontos de melhoria nos processos de regulamenta\u00e7\u00e3o e fiscaliza\u00e7\u00e3o. O objetivo final \u00e9 garantir a seguran\u00e7a e a confiabilidade do setor de avia\u00e7\u00e3o civil.<\/p>\n<p>&nbsp;<\/p>\n","protected":false},"excerpt":{"rendered":"<p>O Tribunal de Contas da Uni\u00e3o (TCU) vai realizar auditoria para verificar as atribui\u00e7\u00f5es normativas e regulat\u00f3rias da Ag\u00eancia Nacional de Avia\u00e7\u00e3o Civil (Anac). A iniciativa, de autoria do vice-presidente do TCU, ministro Vital do R\u00eago, considera o recente acidente a\u00e9reo envolvendo a empresa VoePass, que vitimou 62 pessoas. Com a fiscaliza\u00e7\u00e3o, o Tribunal vai &hellip;<\/p>\n","protected":false},"author":1,"featured_media":98585,"comment_status":"open","ping_status":"open","sticky":false,"template":"","format":"standard","meta":{"footnotes":""},"categories":[18],"tags":[],"class_list":["post-122709","post","type-post","status-publish","format-standard","has-post-thumbnail","hentry","category-brasil"],"_links":{"self":[{"href":"https:\/\/iparaiba.com.br\/index.php\/wp-json\/wp\/v2\/posts\/122709","targetHints":{"allow":["GET"]}}],"collection":[{"href":"https:\/\/iparaiba.com.br\/index.php\/wp-json\/wp\/v2\/posts"}],"about":[{"href":"https:\/\/iparaiba.com.br\/index.php\/wp-json\/wp\/v2\/types\/post"}],"author":[{"embeddable":true,"href":"https:\/\/iparaiba.com.br\/index.php\/wp-json\/wp\/v2\/users\/1"}],"replies":[{"embeddable":true,"href":"https:\/\/iparaiba.com.br\/index.php\/wp-json\/wp\/v2\/comments?post=122709"}],"version-history":[{"count":1,"href":"https:\/\/iparaiba.com.br\/index.php\/wp-json\/wp\/v2\/posts\/122709\/revisions"}],"predecessor-version":[{"id":122740,"href":"https:\/\/iparaiba.com.br\/index.php\/wp-json\/wp\/v2\/posts\/122709\/revisions\/122740"}],"wp:featuredmedia":[{"embeddable":true,"href":"https:\/\/iparaiba.com.br\/index.php\/wp-json\/wp\/v2\/media\/98585"}],"wp:attachment":[{"href":"https:\/\/iparaiba.com.br\/index.php\/wp-json\/wp\/v2\/media?parent=122709"}],"wp:term":[{"taxonomy":"category","embeddable":true,"href":"https:\/\/iparaiba.com.br\/index.php\/wp-json\/wp\/v2\/categories?post=122709"},{"taxonomy":"post_tag","embeddable":true,"href":"https:\/\/iparaiba.com.br\/index.php\/wp-json\/wp\/v2\/tags?post=122709"}],"curies":[{"name":"wp","href":"https:\/\/api.w.org\/{rel}","templated":true}]}}