{"id":122693,"date":"2024-08-19T16:18:29","date_gmt":"2024-08-19T19:18:29","guid":{"rendered":"https:\/\/onordeste.com.br\/?p=122657"},"modified":"2024-08-19T16:18:29","modified_gmt":"2024-08-19T19:18:29","slug":"lancado-painel-bi-eleicoes-com-dados-de-acoes-em-andamento","status":"publish","type":"post","link":"https:\/\/iparaiba.com.br\/index.php\/2024\/08\/19\/lancado-painel-bi-eleicoes-com-dados-de-acoes-em-andamento\/","title":{"rendered":"Lan\u00e7ado Painel BI Elei\u00e7\u00f5es com dados de a\u00e7\u00f5es em andamento"},"content":{"rendered":"<p><strong>Bras\u00edlia\/DF. A<\/strong>\u00a0Pol\u00edcia Federal lan\u00e7ou oficialmente o painel BI Elei\u00e7\u00f5es, uma nova ferramenta de dados abertos que permitir\u00e1 a qualquer cidad\u00e3o acompanhar estat\u00edsticas detalhadas dos casos eleitorais em apura\u00e7\u00e3o no \u00e2mbito da PF.<\/p>\n<p>A partir de agora, qualquer pessoa poder\u00e1 acessar informa\u00e7\u00f5es sobre a quantidade de inqu\u00e9ritos policiais instaurados, pessoas conduzidas e situa\u00e7\u00f5es de flagrante em cada unidade da federa\u00e7\u00e3o. O painel possui uma interface moderna e intuitiva, utilizando gr\u00e1ficos, mapas e filtros personalizados, oferecendo uma vis\u00e3o ampla e detalhada das investiga\u00e7\u00f5es conduzidas pela Pol\u00edcia Federal no contexto eleitoral.<\/p>\n<p>O link de acesso j\u00e1 est\u00e1 dispon\u00edvel no site da Pol\u00edcia Federal e na p\u00e1gina do Governo Federal:<strong>\u00a0<a class=\"external-link\" title=\"\" href=\"https:\/\/app.powerbi.com\/view?r=eyJrIjoiZjBhMDkyY2UtMjY1Zi00Mjg5LTgyNjUtNjYyZmQyNzNiMzdiIiwidCI6IjU2YzFlMmZiLTg3YzEtNGRlMC1hNmFjLWQwNTY2YzA4Y2U2NiJ9\" target=\"_self\" rel=\"noopener\" data-tippreview-enabled=\"false\" data-tippreview-image=\"\" data-tippreview-title=\"\">Acesse o BI Elei\u00e7\u00f5es aqui<\/a><\/strong><\/p>\n<p>O an\u00fancio do BI foi feito em cerim\u00f4nia realizada na sede do Tribunal Superior Eleitoral (TSE), no dia 6 de agosto, com a presen\u00e7a da presidente do Tribunal, ministra C\u00e1rmen L\u00facia, e do diretor-executivo da PF, Gustavo Paulo Leite de Souza, al\u00e9m de outras autoridades.<\/p>\n<p>\u201cNos dias que antecedem as elei\u00e7\u00f5es, os dados ser\u00e3o atualizados a cada hora, para que se tenha, ent\u00e3o, a partir da den\u00fancia, o que aconteceu e para onde foi encaminhado [o caso] e para que, se for da Pol\u00edcia Federal, sejam verificados quantos inqu\u00e9ritos est\u00e3o em andamento e quais provid\u00eancias foram adotadas\u201d, explicou a presidente do TSE, ministra C\u00e1rmen L\u00facia, na ocasi\u00e3o.<\/p>\n<p>O diretor-executivo da Pol\u00edcia Federal destacou o compromisso da institui\u00e7\u00e3o com a transpar\u00eancia e a presta\u00e7\u00e3o de informa\u00e7\u00f5es confi\u00e1veis \u00e0 sociedade e \u00e0 imprensa: &#8220;A PF coloca \u00e0 disposi\u00e7\u00e3o da sociedade os seus canais de dados abertos, com informa\u00e7\u00f5es gerenciais sobre nossas investiga\u00e7\u00f5es e o encaminhamento das den\u00fancias recebidas em todo o pa\u00eds&#8221;.<\/p>\n<p><em>Coordena\u00e7\u00e3o-Geral de Comunica\u00e7\u00e3o Social<\/em><\/p>\n","protected":false},"excerpt":{"rendered":"<p>Bras\u00edlia\/DF. A\u00a0Pol\u00edcia Federal lan\u00e7ou oficialmente o painel BI Elei\u00e7\u00f5es, uma nova ferramenta de dados abertos que permitir\u00e1 a qualquer cidad\u00e3o acompanhar estat\u00edsticas detalhadas dos casos eleitorais em apura\u00e7\u00e3o no \u00e2mbito da PF. A partir de agora, qualquer pessoa poder\u00e1 acessar informa\u00e7\u00f5es sobre a quantidade de inqu\u00e9ritos policiais instaurados, pessoas conduzidas e situa\u00e7\u00f5es de flagrante em &hellip;<\/p>\n","protected":false},"author":1,"featured_media":111803,"comment_status":"open","ping_status":"open","sticky":false,"template":"","format":"standard","meta":{"footnotes":""},"categories":[10],"tags":[],"class_list":["post-122693","post","type-post","status-publish","format-standard","has-post-thumbnail","hentry","category-manchetes"],"_links":{"self":[{"href":"https:\/\/iparaiba.com.br\/index.php\/wp-json\/wp\/v2\/posts\/122693","targetHints":{"allow":["GET"]}}],"collection":[{"href":"https:\/\/iparaiba.com.br\/index.php\/wp-json\/wp\/v2\/posts"}],"about":[{"href":"https:\/\/iparaiba.com.br\/index.php\/wp-json\/wp\/v2\/types\/post"}],"author":[{"embeddable":true,"href":"https:\/\/iparaiba.com.br\/index.php\/wp-json\/wp\/v2\/users\/1"}],"replies":[{"embeddable":true,"href":"https:\/\/iparaiba.com.br\/index.php\/wp-json\/wp\/v2\/comments?post=122693"}],"version-history":[{"count":0,"href":"https:\/\/iparaiba.com.br\/index.php\/wp-json\/wp\/v2\/posts\/122693\/revisions"}],"wp:featuredmedia":[{"embeddable":true,"href":"https:\/\/iparaiba.com.br\/index.php\/wp-json\/wp\/v2\/media\/111803"}],"wp:attachment":[{"href":"https:\/\/iparaiba.com.br\/index.php\/wp-json\/wp\/v2\/media?parent=122693"}],"wp:term":[{"taxonomy":"category","embeddable":true,"href":"https:\/\/iparaiba.com.br\/index.php\/wp-json\/wp\/v2\/categories?post=122693"},{"taxonomy":"post_tag","embeddable":true,"href":"https:\/\/iparaiba.com.br\/index.php\/wp-json\/wp\/v2\/tags?post=122693"}],"curies":[{"name":"wp","href":"https:\/\/api.w.org\/{rel}","templated":true}]}}