{"id":122692,"date":"2024-08-19T16:17:25","date_gmt":"2024-08-19T19:17:25","guid":{"rendered":"https:\/\/onordeste.com.br\/?p=122655"},"modified":"2024-08-19T16:17:25","modified_gmt":"2024-08-19T19:17:25","slug":"pf-em-acao-conjunta-deflagra-a-setima-fase-da-operacao-terra-livre","status":"publish","type":"post","link":"https:\/\/iparaiba.com.br\/index.php\/2024\/08\/19\/pf-em-acao-conjunta-deflagra-a-setima-fase-da-operacao-terra-livre\/","title":{"rendered":"PF, em a\u00e7\u00e3o conjunta, deflagra a s\u00e9tima fase da Opera\u00e7\u00e3o Terra Livre"},"content":{"rendered":"<p><strong>Salgueiro\/PE.<\/strong>\u00a0A Pol\u00edcia Federal deflagrou, entre os dias 5 e 15 de agosto, a s\u00e9tima fase da Opera\u00e7\u00e3o Terra Livre, com o objetivo de identificar e erradicar cultivos il\u00edcitos de Cannabis sativa (maconha) no sert\u00e3o pernambucano. A a\u00e7\u00e3o contou com o apoio do Batalh\u00e3o Especializado de Policiamento do Interior (BEPI); da Pol\u00edcia Civil de Pernambuco; da Pol\u00edcia Penal de Pernambuco; do Corpo de Bombeiros Militar e da Pol\u00edcia Militar de Pernambuco.<\/p>\n<p>A opera\u00e7\u00e3o tamb\u00e9m envolveu o uso de aeronaves da Coordena\u00e7\u00e3o de Avia\u00e7\u00e3o Operacional da Pol\u00edcia Federal (CAOP) e do Grupamento T\u00e1tico A\u00e9reo da Secretaria de Defesa Social de Pernambuco (GTA-SDS-PE).<\/p>\n<p>Ao todo, foram destru\u00eddos 475.269 p\u00e9s de maconha, o que equivale a mais de 158 toneladas da droga que seriam destinadas ao consumidor final. Durante os dez dias de atividade, a a\u00e7\u00e3o abrangeu uma \u00e1rea de mais de 49 mil km\u00b2 e contou com a participa\u00e7\u00e3o do N\u00facleo Especial de Pol\u00edcia Mar\u00edtima (NEPOM) da Pol\u00edcia Federal, que atuou nas ilhas do Rio S\u00e3o Francisco.<\/p>\n<p>A opera\u00e7\u00e3o teve como objetivo reduzir a produ\u00e7\u00e3o e a oferta de maconha no sert\u00e3o do estado, evitando sua entrada no mercado consumidor do Nordeste e, consequentemente, a capitaliza\u00e7\u00e3o e o fortalecimento de organiza\u00e7\u00f5es criminosas.<\/p>\n<p>O combate ao tr\u00e1fico de drogas na regi\u00e3o \u00e9 realizado de forma cont\u00ednua pela Pol\u00edcia Federal, sempre com o apoio das for\u00e7as de seguran\u00e7a p\u00fablica estaduais.<\/p>\n<p><em>Comunica\u00e7\u00e3o Social da Pol\u00edcia Federal em Pernambuco<\/em><\/p>\n","protected":false},"excerpt":{"rendered":"<p>Salgueiro\/PE.\u00a0A Pol\u00edcia Federal deflagrou, entre os dias 5 e 15 de agosto, a s\u00e9tima fase da Opera\u00e7\u00e3o Terra Livre, com o objetivo de identificar e erradicar cultivos il\u00edcitos de Cannabis sativa (maconha) no sert\u00e3o pernambucano. A a\u00e7\u00e3o contou com o apoio do Batalh\u00e3o Especializado de Policiamento do Interior (BEPI); da Pol\u00edcia Civil de Pernambuco; da &hellip;<\/p>\n","protected":false},"author":1,"featured_media":109502,"comment_status":"open","ping_status":"open","sticky":false,"template":"","format":"standard","meta":{"footnotes":""},"categories":[13],"tags":[],"class_list":["post-122692","post","type-post","status-publish","format-standard","has-post-thumbnail","hentry","category-policial"],"_links":{"self":[{"href":"https:\/\/iparaiba.com.br\/index.php\/wp-json\/wp\/v2\/posts\/122692","targetHints":{"allow":["GET"]}}],"collection":[{"href":"https:\/\/iparaiba.com.br\/index.php\/wp-json\/wp\/v2\/posts"}],"about":[{"href":"https:\/\/iparaiba.com.br\/index.php\/wp-json\/wp\/v2\/types\/post"}],"author":[{"embeddable":true,"href":"https:\/\/iparaiba.com.br\/index.php\/wp-json\/wp\/v2\/users\/1"}],"replies":[{"embeddable":true,"href":"https:\/\/iparaiba.com.br\/index.php\/wp-json\/wp\/v2\/comments?post=122692"}],"version-history":[{"count":0,"href":"https:\/\/iparaiba.com.br\/index.php\/wp-json\/wp\/v2\/posts\/122692\/revisions"}],"wp:featuredmedia":[{"embeddable":true,"href":"https:\/\/iparaiba.com.br\/index.php\/wp-json\/wp\/v2\/media\/109502"}],"wp:attachment":[{"href":"https:\/\/iparaiba.com.br\/index.php\/wp-json\/wp\/v2\/media?parent=122692"}],"wp:term":[{"taxonomy":"category","embeddable":true,"href":"https:\/\/iparaiba.com.br\/index.php\/wp-json\/wp\/v2\/categories?post=122692"},{"taxonomy":"post_tag","embeddable":true,"href":"https:\/\/iparaiba.com.br\/index.php\/wp-json\/wp\/v2\/tags?post=122692"}],"curies":[{"name":"wp","href":"https:\/\/api.w.org\/{rel}","templated":true}]}}