{"id":122690,"date":"2024-08-19T16:11:36","date_gmt":"2024-08-19T19:11:36","guid":{"rendered":"https:\/\/onordeste.com.br\/?p=122651"},"modified":"2024-08-19T16:11:36","modified_gmt":"2024-08-19T19:11:36","slug":"tcu-firma-acordo-de-cooperacao-com-ministerio-da-justica-e-seguranca-publica","status":"publish","type":"post","link":"https:\/\/iparaiba.com.br\/index.php\/2024\/08\/19\/tcu-firma-acordo-de-cooperacao-com-ministerio-da-justica-e-seguranca-publica\/","title":{"rendered":"TCU firma acordo de coopera\u00e7\u00e3o com Minist\u00e9rio da Justi\u00e7a e Seguran\u00e7a P\u00fablica"},"content":{"rendered":"<p>O presidente do Tribunal de Contas da Uni\u00e3o (TCU), ministro Bruno Dantas, e o secret\u00e1rio-executivo do Minist\u00e9rio da Justi\u00e7a e Seguran\u00e7a P\u00fablica (MJSP), Manoel Carlos de Almeida, celebraram a formaliza\u00e7\u00e3o de acordo de coopera\u00e7\u00e3o, na tarde de\u00a0ter\u00e7a-feira (13\/8). A parceria permitir\u00e1 que o Tribunal acesse a\u00a0plataforma Rede Mais, que fornece ao MJSP imagens do territ\u00f3rio nacional capturadas por 180 sat\u00e9lites, em tempo real.<\/p>\n<p>Largamente utilizada pela Pol\u00edcia Federal (PF), a tecnologia de ponta auxiliar\u00e1 o TCU na fiscaliza\u00e7\u00e3o de obras pelo pa\u00eds. Os auditores poder\u00e3o acompanhar em detalhes se o cronograma das constru\u00e7\u00f5es est\u00e1 sendo cumprido e se \u00e9 compat\u00edvel com o investimento realizado.<\/p>\n<p>Segundo Dantas, o acordo de coopera\u00e7\u00e3o \u00e9 \u201cuma not\u00edcia extraordin\u00e1ria\u201d para o TCU, que passar\u00e1 a contar com\u00a0recurso tecnol\u00f3gico relevante\u00a0para cumprir sua compet\u00eancia constitucional de fiscalizar repasses a obras nos mais de cinco mil munic\u00edpios brasileiros.<\/p>\n<blockquote>\n<h3>\u201c\u00c9 evidente que os nossos 1.600 auditores n\u00e3o dariam conta de fiscalizar tudo, em campo.\u00a0O compartilhamento do uso dessa tecnologia nos permitir\u00e1 realizar o nosso trabalho com a qualidade necess\u00e1ria. Conseguiremos acompanhar se a execu\u00e7\u00e3o f\u00edsica de uma obra \u00e9 compat\u00edvel com a execu\u00e7\u00e3o financeira.\u00a0Se houver descompasso, a\u00ed sim entrar\u00e3o em campo auditores para regularizar a situa\u00e7\u00e3o\u201d, explicou o ministro. \u201cEsse \u00e9 um exemplo de parceria que revela o car\u00e1ter republicano que o ministro Ricardo Lewandowski e o secret\u00e1rio Manoel Carlos est\u00e3o imprimindo ao Minist\u00e9rio da Justi\u00e7a, e n\u00f3s somos muito gratos por isso\u201d concluiu.<\/h3>\n<\/blockquote>\n<p>Durante a reuni\u00e3o, o secret\u00e1rio-executivo do MJSP ressaltou que sua equipe est\u00e1 \u00e0 disposi\u00e7\u00e3o da Corte de Contas para auxiliar na melhor utiliza\u00e7\u00e3o da plataforma. Ele destacou que a parceria trar\u00e1 grandes benef\u00edcios \u00e0 sociedade brasileira.<\/p>\n<blockquote>\n<h3>\u201cSer\u00e1 uma poderosa ferramenta para o TCU, que agora ter\u00e1 o seu olhar em cima das obras do pa\u00eds, com uma constela\u00e7\u00e3o de sat\u00e9lites de \u00faltima gera\u00e7\u00e3o, oferecendo imagens em tempo real\u201d, afirmou.<\/h3>\n<\/blockquote>\n<p>O acordo de coopera\u00e7\u00e3o faz parte da\u00a0estrat\u00e9gia Rede Mais, do MJSP, que permite o\u00a0compartilhamento de imagens da\u00a0<a href=\"https:\/\/plataforma-pf.sccon.com.br\/#\/\">plataforma<\/a>\u00a0 com outros \u00f3rg\u00e3os da administra\u00e7\u00e3o p\u00fablica. A plataforma d\u00e1 acesso a reprodu\u00e7\u00f5es fotogr\u00e1ficas feitas por 180 sat\u00e9lites da constela\u00e7\u00e3o PlanetScope. S\u00e3o monitorados 8,5 milh\u00f5es de quil\u00f4metros quadrados do territ\u00f3rio nacional, diariamente. Mais de 500 institui\u00e7\u00f5es j\u00e1 aderiram \u00e0 Rede Mais.<\/p>\n","protected":false},"excerpt":{"rendered":"<p>O presidente do Tribunal de Contas da Uni\u00e3o (TCU), ministro Bruno Dantas, e o secret\u00e1rio-executivo do Minist\u00e9rio da Justi\u00e7a e Seguran\u00e7a P\u00fablica (MJSP), Manoel Carlos de Almeida, celebraram a formaliza\u00e7\u00e3o de acordo de coopera\u00e7\u00e3o, na tarde de\u00a0ter\u00e7a-feira (13\/8). A parceria permitir\u00e1 que o Tribunal acesse a\u00a0plataforma Rede Mais, que fornece ao MJSP imagens do territ\u00f3rio &hellip;<\/p>\n","protected":false},"author":1,"featured_media":98157,"comment_status":"open","ping_status":"open","sticky":false,"template":"","format":"standard","meta":{"footnotes":""},"categories":[18],"tags":[],"class_list":["post-122690","post","type-post","status-publish","format-standard","has-post-thumbnail","hentry","category-brasil"],"_links":{"self":[{"href":"https:\/\/iparaiba.com.br\/index.php\/wp-json\/wp\/v2\/posts\/122690","targetHints":{"allow":["GET"]}}],"collection":[{"href":"https:\/\/iparaiba.com.br\/index.php\/wp-json\/wp\/v2\/posts"}],"about":[{"href":"https:\/\/iparaiba.com.br\/index.php\/wp-json\/wp\/v2\/types\/post"}],"author":[{"embeddable":true,"href":"https:\/\/iparaiba.com.br\/index.php\/wp-json\/wp\/v2\/users\/1"}],"replies":[{"embeddable":true,"href":"https:\/\/iparaiba.com.br\/index.php\/wp-json\/wp\/v2\/comments?post=122690"}],"version-history":[{"count":0,"href":"https:\/\/iparaiba.com.br\/index.php\/wp-json\/wp\/v2\/posts\/122690\/revisions"}],"wp:featuredmedia":[{"embeddable":true,"href":"https:\/\/iparaiba.com.br\/index.php\/wp-json\/wp\/v2\/media\/98157"}],"wp:attachment":[{"href":"https:\/\/iparaiba.com.br\/index.php\/wp-json\/wp\/v2\/media?parent=122690"}],"wp:term":[{"taxonomy":"category","embeddable":true,"href":"https:\/\/iparaiba.com.br\/index.php\/wp-json\/wp\/v2\/categories?post=122690"},{"taxonomy":"post_tag","embeddable":true,"href":"https:\/\/iparaiba.com.br\/index.php\/wp-json\/wp\/v2\/tags?post=122690"}],"curies":[{"name":"wp","href":"https:\/\/api.w.org\/{rel}","templated":true}]}}