{"id":122677,"date":"2024-08-20T08:00:10","date_gmt":"2024-08-20T11:00:10","guid":{"rendered":"https:\/\/onordeste.com.br\/?p=122664"},"modified":"2024-08-20T08:00:10","modified_gmt":"2024-08-20T11:00:10","slug":"preso-espanhol-com-cocaina-diluida-no-aeroporto","status":"publish","type":"post","link":"https:\/\/iparaiba.com.br\/index.php\/2024\/08\/20\/preso-espanhol-com-cocaina-diluida-no-aeroporto\/","title":{"rendered":"Preso espanhol com coca\u00edna dilu\u00edda no Aeroporto"},"content":{"rendered":"<p><b>Natal\/RN<\/b>. A Pol\u00edcia Federal prendeu, na madrugada do \u00faltimo s\u00e1bado 17\/8, no Aeroporto Internacional Alu\u00edzio Alves, um cidad\u00e3o espanhol suspeito de envolvimento com tr\u00e1fico de drogas. Com o homem, foram encontrados 9,8 litros de coca\u00edna dilu\u00edda em recipientes.<\/p>\n<p>A pris\u00e3o ocorreu durante uma fiscaliza\u00e7\u00e3o de rotina quando o suspeito se preparava para embarcar em um voo com destino a Barcelona, Espanha. Ao passar sua bagagem pelo aparelho de raios X, a colora\u00e7\u00e3o do material levantou suspeitas dos policiais. Ap\u00f3s uma abordagem inicial, o estrangeiro foi informalmente entrevistado e, diante do nervosismo apresentado, foi conduzido \u00e0 sala da Pol\u00edcia Federal no aeroporto. Em seguida, ele foi levado \u00e0 sede da PF, localizada no bairro de Lagoa Nova, onde exames preliminares da per\u00edcia confirmaram a presen\u00e7a de coca\u00edna dilu\u00edda nos frascos apreendidos.<\/p>\n<p>O homem foi indiciado por tr\u00e1fico internacional de drogas. Ele passou por exame de corpo de delito no Instituto T\u00e9cnico-Cient\u00edfico de Per\u00edcia (ITEP) e se encontra, provisoriamente, sob cust\u00f3dia na Superintend\u00eancia da Pol\u00edcia Federal, \u00e0 disposi\u00e7\u00e3o da Justi\u00e7a.<\/p>\n<p align=\"right\"><em>Comunica\u00e7\u00e3o Social da Pol\u00edcia Federal no Rio Grande do Norte<\/em><\/p>\n","protected":false},"excerpt":{"rendered":"<p>Natal\/RN. A Pol\u00edcia Federal prendeu, na madrugada do \u00faltimo s\u00e1bado 17\/8, no Aeroporto Internacional Alu\u00edzio Alves, um cidad\u00e3o espanhol suspeito de envolvimento com tr\u00e1fico de drogas. Com o homem, foram encontrados 9,8 litros de coca\u00edna dilu\u00edda em recipientes. A pris\u00e3o ocorreu durante uma fiscaliza\u00e7\u00e3o de rotina quando o suspeito se preparava para embarcar em um &hellip;<\/p>\n","protected":false},"author":1,"featured_media":97507,"comment_status":"open","ping_status":"open","sticky":false,"template":"","format":"standard","meta":{"footnotes":""},"categories":[13],"tags":[],"class_list":["post-122677","post","type-post","status-publish","format-standard","has-post-thumbnail","hentry","category-policial"],"_links":{"self":[{"href":"https:\/\/iparaiba.com.br\/index.php\/wp-json\/wp\/v2\/posts\/122677","targetHints":{"allow":["GET"]}}],"collection":[{"href":"https:\/\/iparaiba.com.br\/index.php\/wp-json\/wp\/v2\/posts"}],"about":[{"href":"https:\/\/iparaiba.com.br\/index.php\/wp-json\/wp\/v2\/types\/post"}],"author":[{"embeddable":true,"href":"https:\/\/iparaiba.com.br\/index.php\/wp-json\/wp\/v2\/users\/1"}],"replies":[{"embeddable":true,"href":"https:\/\/iparaiba.com.br\/index.php\/wp-json\/wp\/v2\/comments?post=122677"}],"version-history":[{"count":1,"href":"https:\/\/iparaiba.com.br\/index.php\/wp-json\/wp\/v2\/posts\/122677\/revisions"}],"predecessor-version":[{"id":122696,"href":"https:\/\/iparaiba.com.br\/index.php\/wp-json\/wp\/v2\/posts\/122677\/revisions\/122696"}],"wp:featuredmedia":[{"embeddable":true,"href":"https:\/\/iparaiba.com.br\/index.php\/wp-json\/wp\/v2\/media\/97507"}],"wp:attachment":[{"href":"https:\/\/iparaiba.com.br\/index.php\/wp-json\/wp\/v2\/media?parent=122677"}],"wp:term":[{"taxonomy":"category","embeddable":true,"href":"https:\/\/iparaiba.com.br\/index.php\/wp-json\/wp\/v2\/categories?post=122677"},{"taxonomy":"post_tag","embeddable":true,"href":"https:\/\/iparaiba.com.br\/index.php\/wp-json\/wp\/v2\/tags?post=122677"}],"curies":[{"name":"wp","href":"https:\/\/api.w.org\/{rel}","templated":true}]}}