{"id":122650,"date":"2024-08-12T10:32:48","date_gmt":"2024-08-12T13:32:48","guid":{"rendered":"https:\/\/onordeste.com.br\/?p=122602"},"modified":"2024-08-12T10:32:48","modified_gmt":"2024-08-12T13:32:48","slug":"camara-realiza-sessao-solene-em-homenagem-a-vida-e-ao-legado-de-eduardo-campos","status":"publish","type":"post","link":"https:\/\/iparaiba.com.br\/index.php\/2024\/08\/12\/camara-realiza-sessao-solene-em-homenagem-a-vida-e-ao-legado-de-eduardo-campos\/","title":{"rendered":"C\u00e2mara realiza Sess\u00e3o Solene em homenagem \u00e0 vida e ao legado de Eduardo Campos"},"content":{"rendered":"<p>A C\u00e2mara dos Deputados realiza no pr\u00f3ximo dia 14 de agosto, \u00e0s 9h, sess\u00e3o solene em homenagem \u00e0 vida e ao legado de Eduardo Campos.<br \/>\nDe iniciativa do deputado federal Gerv\u00e1sio Maia, l\u00edder do PSB na C\u00e2mara, a solenidade tem o objetivo de prestar as devidas homenagens a uma figura marcante da pol\u00edtica brasileira que, tragicamente, teve a vida interrompida por um acidente a\u00e9reo em agosto de 2014.<\/p>\n<p>A homenagem ser\u00e1 realizada no Plen\u00e1rio Ulysses Guimar\u00e3es, quatro dias ap\u00f3s a data em que completaria 59 anos.<\/p>\n<p>&#8220;Uma justa homenagem a um grande brasileiro, que enxergava a Na\u00e7\u00e3o na sua totalidade e que defendia Nordeste n\u00e3o como problema, mas como uma solu\u00e7\u00e3o para o pa\u00eds. Eduardo Campos tinha um carinho especial pela Para\u00edba, atuou em grandes a\u00e7\u00f5es em favor do Estado. Ele, com certeza, faria um bem enorme \u00e0 pol\u00edtica brasileira se estivesse vivo&#8221;, afirmou Gerv\u00e1sio Maia.<\/p>\n<p>O presidente nacional do PSB, Carlos Siqueira, destacou a import\u00e2ncia da homenagem e ressaltou a falta que Eduardo Campos faz ao pa\u00eds.<\/p>\n<p>\u201cEduardo faz muita falta ao Brasil, pela defesa que sempre fez dos ideais progressistas, das causas populares e da democracia, e como governador, pela vis\u00e3o moderna e sensibilidade social\u201d, afirmou.<\/p>\n<p><strong>Eduardo Campos<\/strong><\/p>\n<p>Come\u00e7ou a carreira pol\u00edtica em 1986, quando abriu m\u00e3o do mestrado que faria nos Estados Unidos para se envolver na campanha que elegeu o av\u00f4 Miguel Arraes governador de Pernambuco. Em 1990, entrou oficialmente na vida pol\u00edtica ao ingressar no Partido Socialista Brasileiro (PSB), e foi eleito deputado estadual.<\/p>\n<p>Aos 29 anos, Eduardo Campos foi eleito para a C\u00e2mara dos Deputados com 133 mil votos.<br \/>\nLicenciou-se para integrar o governo de Miguel Arraes. Em 1998, foi eleito pela segunda vez deputado federal, com 173.657 votos, a maior vota\u00e7\u00e3o de Pernambuco. Em 2003 assumiu pela terceira vez uma vaga na C\u00e2mara dos Deputados. Foi ministro da Ci\u00eancia e Tecnologia em 2004 e, no ano seguinte, assumiu a presid\u00eancia nacional do PSB.<\/p>\n<p>Eduardo Campos foi eleito governador de Pernambuco em 2006 e reeleito em 2010 com mais de 60% dos votos v\u00e1lidos.<\/p>\n<p>Em abril de 2014, renunciou ao governo para se dedicar \u00e0 campanha presidencial.<\/p>\n","protected":false},"excerpt":{"rendered":"<p>A C\u00e2mara dos Deputados realiza no pr\u00f3ximo dia 14 de agosto, \u00e0s 9h, sess\u00e3o solene em homenagem \u00e0 vida e ao legado de Eduardo Campos. De iniciativa do deputado federal Gerv\u00e1sio Maia, l\u00edder do PSB na C\u00e2mara, a solenidade tem o objetivo de prestar as devidas homenagens a uma figura marcante da pol\u00edtica brasileira que, &hellip;<\/p>\n","protected":false},"author":1,"featured_media":116512,"comment_status":"open","ping_status":"open","sticky":false,"template":"","format":"standard","meta":{"footnotes":""},"categories":[8],"tags":[],"class_list":["post-122650","post","type-post","status-publish","format-standard","has-post-thumbnail","hentry","category-politica"],"_links":{"self":[{"href":"https:\/\/iparaiba.com.br\/index.php\/wp-json\/wp\/v2\/posts\/122650","targetHints":{"allow":["GET"]}}],"collection":[{"href":"https:\/\/iparaiba.com.br\/index.php\/wp-json\/wp\/v2\/posts"}],"about":[{"href":"https:\/\/iparaiba.com.br\/index.php\/wp-json\/wp\/v2\/types\/post"}],"author":[{"embeddable":true,"href":"https:\/\/iparaiba.com.br\/index.php\/wp-json\/wp\/v2\/users\/1"}],"replies":[{"embeddable":true,"href":"https:\/\/iparaiba.com.br\/index.php\/wp-json\/wp\/v2\/comments?post=122650"}],"version-history":[{"count":0,"href":"https:\/\/iparaiba.com.br\/index.php\/wp-json\/wp\/v2\/posts\/122650\/revisions"}],"wp:featuredmedia":[{"embeddable":true,"href":"https:\/\/iparaiba.com.br\/index.php\/wp-json\/wp\/v2\/media\/116512"}],"wp:attachment":[{"href":"https:\/\/iparaiba.com.br\/index.php\/wp-json\/wp\/v2\/media?parent=122650"}],"wp:term":[{"taxonomy":"category","embeddable":true,"href":"https:\/\/iparaiba.com.br\/index.php\/wp-json\/wp\/v2\/categories?post=122650"},{"taxonomy":"post_tag","embeddable":true,"href":"https:\/\/iparaiba.com.br\/index.php\/wp-json\/wp\/v2\/tags?post=122650"}],"curies":[{"name":"wp","href":"https:\/\/api.w.org\/{rel}","templated":true}]}}