{"id":122645,"date":"2024-08-14T10:00:31","date_gmt":"2024-08-14T13:00:31","guid":{"rendered":"https:\/\/onordeste.com.br\/?p=122639"},"modified":"2024-08-14T10:00:31","modified_gmt":"2024-08-14T13:00:31","slug":"na-maior-delegacao-nacional-em-paralimpicos-98-dos-competidores-tem-bolsa-atleta","status":"publish","type":"post","link":"https:\/\/iparaiba.com.br\/index.php\/2024\/08\/14\/na-maior-delegacao-nacional-em-paralimpicos-98-dos-competidores-tem-bolsa-atleta\/","title":{"rendered":"Na maior delega\u00e7\u00e3o nacional em Paral\u00edmpicos, 98% dos competidores t\u00eam Bolsa Atleta"},"content":{"rendered":"<p>Agora que equipes e esportistas ol\u00edmpicos do Brasil deixam a capital francesa para retornar ao Pa\u00eds, os primeiros atletas paral\u00edmpicos est\u00e3o com as malas prontas para participar dos Jogos Paral\u00edmpicos Paris 2024. Nesta segunda-feira (12\/8), as primeiras delega\u00e7\u00f5es, do t\u00eanis de mesa, remo e v\u00f4lei sentado j\u00e1 embarcam. S\u00e3o 72 pessoas, sendo 46 atletas com defici\u00eancia e um timoneiro.<\/p>\n<p>Ao todo, o Brasil ter\u00e1 254 esportistas na competi\u00e7\u00e3o. Tamb\u00e9m foram convocados 19 atletas-guia (sendo 18 do atletismo e 1 do triatlo), tr\u00eas calheiros da bocha, dois goleiros do futebol de cegos e um timoneiro do remo, totalizando 279 competidores na capital francesa.\u00a0\u00c9 a maior delega\u00e7\u00e3o brasileira convocada para uma edi\u00e7\u00e3o dos Jogos fora do Brasil.<\/p>\n<p>98% dos esportistas brasileiros e brasileiras que v\u00e3o competir nos Jogos Paral\u00edmpicos t\u00eam Bolsa Atleta.<\/p>\n<p>Antes, a maior equipe nacional era de 259 convocados em T\u00f3quio 2020. O recorde de participantes do Pa\u00eds foi nos Jogos do Rio 2016, ocasi\u00e3o em que o Brasil sediou o megaevento e contou com 278 atletas com defici\u00eancia em todas as 22 modalidades j\u00e1 classificadas automaticamente.\u00a0Em Paris, o Brasil tamb\u00e9m registrar\u00e1 a sua maior participa\u00e7\u00e3o feminina na hist\u00f3ria dos Jogos Paral\u00edmpicos.<\/p>\n<p>A ida de todos os atletas convocados do Pa\u00eds para os Jogos ser\u00e1 realizada de maneira escalonada em 12 datas diferentes. Ap\u00f3s o primeiro embarque nesta segunda, a equipe nacional do tiro com arco viajar\u00e1 no dia seguinte. Depois, no dia 14, competidores de ciclismo e goalball pegam o mesmo voo internacional. Mais 46 atletas com defici\u00eancia, al\u00e9m de comiss\u00f5es t\u00e9cnicas e staffs, da nata\u00e7\u00e3o, badminton e taekwondo, v\u00e3o se deslocar \u00e0 Europa em 15 de agosto.<\/p>\n<p>Ao todo, 22 dos 26 estados do Brasil, al\u00e9m do Distrito Federal, estar\u00e3o representados na delega\u00e7\u00e3o brasileira que vai disputar os Jogos. A maioria dos atletas \u00e9 nascida no Estado de S\u00e3o Paulo. S\u00e3o 71 dos 254 convocados, ou 28% do total da equipe brasileira que disputar\u00e1 a competi\u00e7\u00e3o.<\/p>\n<p><strong>POT\u00caNCIA PARAL\u00cdMPICA<\/strong>\u00a0\u2014 Na \u00faltima semana, o Comit\u00ea Paral\u00edmpico Brasileiro (CPB) lan\u00e7ou campanha com atletas medalhistas que representar\u00e3o o Pa\u00eds nos Jogos a partir de 28 de agosto. O Brasil \u00e9 uma pot\u00eancia paral\u00edmpica e vai \u00e0 capital francesa com 254 atletas com defici\u00eancia em 20 modalidades. A campanha apresenta um manifesto com os atletas paral\u00edmpicos: \u201cMais que vencedores: brasileiros\u201d.<\/p>\n","protected":false},"excerpt":{"rendered":"<p>Agora que equipes e esportistas ol\u00edmpicos do Brasil deixam a capital francesa para retornar ao Pa\u00eds, os primeiros atletas paral\u00edmpicos est\u00e3o com as malas prontas para participar dos Jogos Paral\u00edmpicos Paris 2024. Nesta segunda-feira (12\/8), as primeiras delega\u00e7\u00f5es, do t\u00eanis de mesa, remo e v\u00f4lei sentado j\u00e1 embarcam. S\u00e3o 72 pessoas, sendo 46 atletas com &hellip;<\/p>\n","protected":false},"author":1,"featured_media":99457,"comment_status":"open","ping_status":"open","sticky":false,"template":"","format":"standard","meta":{"footnotes":""},"categories":[18],"tags":[],"class_list":["post-122645","post","type-post","status-publish","format-standard","has-post-thumbnail","hentry","category-brasil"],"_links":{"self":[{"href":"https:\/\/iparaiba.com.br\/index.php\/wp-json\/wp\/v2\/posts\/122645","targetHints":{"allow":["GET"]}}],"collection":[{"href":"https:\/\/iparaiba.com.br\/index.php\/wp-json\/wp\/v2\/posts"}],"about":[{"href":"https:\/\/iparaiba.com.br\/index.php\/wp-json\/wp\/v2\/types\/post"}],"author":[{"embeddable":true,"href":"https:\/\/iparaiba.com.br\/index.php\/wp-json\/wp\/v2\/users\/1"}],"replies":[{"embeddable":true,"href":"https:\/\/iparaiba.com.br\/index.php\/wp-json\/wp\/v2\/comments?post=122645"}],"version-history":[{"count":1,"href":"https:\/\/iparaiba.com.br\/index.php\/wp-json\/wp\/v2\/posts\/122645\/revisions"}],"predecessor-version":[{"id":122668,"href":"https:\/\/iparaiba.com.br\/index.php\/wp-json\/wp\/v2\/posts\/122645\/revisions\/122668"}],"wp:featuredmedia":[{"embeddable":true,"href":"https:\/\/iparaiba.com.br\/index.php\/wp-json\/wp\/v2\/media\/99457"}],"wp:attachment":[{"href":"https:\/\/iparaiba.com.br\/index.php\/wp-json\/wp\/v2\/media?parent=122645"}],"wp:term":[{"taxonomy":"category","embeddable":true,"href":"https:\/\/iparaiba.com.br\/index.php\/wp-json\/wp\/v2\/categories?post=122645"},{"taxonomy":"post_tag","embeddable":true,"href":"https:\/\/iparaiba.com.br\/index.php\/wp-json\/wp\/v2\/tags?post=122645"}],"curies":[{"name":"wp","href":"https:\/\/api.w.org\/{rel}","templated":true}]}}