{"id":122643,"date":"2024-08-14T06:00:32","date_gmt":"2024-08-14T09:00:32","guid":{"rendered":"https:\/\/onordeste.com.br\/?p=122635"},"modified":"2024-08-14T06:00:32","modified_gmt":"2024-08-14T09:00:32","slug":"saude-inicia-mapeamento-com-maior-possibilidade-de-proliferacao-do-maruim","status":"publish","type":"post","link":"https:\/\/iparaiba.com.br\/index.php\/2024\/08\/14\/saude-inicia-mapeamento-com-maior-possibilidade-de-proliferacao-do-maruim\/","title":{"rendered":"Sa\u00fade inicia mapeamento com maior possibilidade de prolifera\u00e7\u00e3o do maruim"},"content":{"rendered":"<p>A Secretaria de Estado da Sa\u00fade (SES), por meio da Ger\u00eancia Operacional da Sa\u00fade Ambiental, iniciou o mapeamento das \u00e1reas mais prop\u00edcias \u00e0 prolifera\u00e7\u00e3o do mosquito \u201cmaruim\u201d, principal transmissor da febre oropouche. O reconhecimento se deu nos munic\u00edpios que fazem divisa com o estado de Pernambuco, onde j\u00e1 h\u00e1 casos confirmados da doen\u00e7a.<\/p>\n<p>De acordo com o gerente operacional de Sa\u00fade Ambiental da SES, Luiz Almeida, a visita tem como objetivo compreender a fauna e flora dos territ\u00f3rios para que sejam desenvolvidas a\u00e7\u00f5es de combate ao vetor da febre oropouche.<\/p>\n<p>\u201cEste \u00e9 um momento de avalia\u00e7\u00e3o, de diagn\u00f3stico, que se faz necess\u00e1rio para que a gente consiga, se houver, encontrar esse vetor em nosso territ\u00f3rio de forma antecipada, para que a gente possa direcionar a\u00e7\u00f5es e orientar a popula\u00e7\u00e3o de como se proteger. \u00c9 importante tranquilizar a popula\u00e7\u00e3o, j\u00e1 que n\u00f3s n\u00e3o temos casos da doen\u00e7a ainda na Para\u00edba, mas precisamos ter os cuidados necess\u00e1rios, telando nossas janelas, utilizando repelentes, roupas de mangas longas, procurar cobrir todo o corpo, principalmente no final da tarde, in\u00edcio da manh\u00e3, assim estaremos nos protegendo de forma adequada\u201d, explicou.<\/p>\n<p>Por ser um mosquito presente principalmente em locais \u00famidos, foram visitadas, durante a a\u00e7\u00e3o, as \u00e1reas com essas caracter\u00edsticas nos munic\u00edpios de Umbuzeiro, Natuba, Pedras de Fogo, Juripiranga e Itabaiana. Ainda comp\u00f5em o corredor ecol\u00f3gico Pitimbu e Caapor\u00e3, que tamb\u00e9m ser\u00e3o visitados pela equipe da SES.<\/p>\n<p>Os sintomas da febre oropouche s\u00e3o semelhantes aos da dengue, zika e chikungunya, como febre de in\u00edcio s\u00fabito, dor de cabe\u00e7a, dor muscular e articular, tontura, dor retro- ocular, calafrios, fotofobia, n\u00e1useas, v\u00f4mitos. Ao apresent\u00e1-los \u00e9 importante que a popula\u00e7\u00e3o procure o servi\u00e7o de sa\u00fade mais pr\u00f3ximo para receber o tratamento adequado.<\/p>\n<p><b>Cuidados com as gestantes\u00a0<\/b>&#8211; O Minist\u00e9rio da Sa\u00fade (MS) emitiu, recentemente, um alerta sobre evid\u00eancias de que a febre oropouche pode ser passada da m\u00e3e para o beb\u00ea durante a gesta\u00e7\u00e3o. Em nota t\u00e9cnica foi refor\u00e7ado o uso de repelentes para as gr\u00e1vidas, assim como o uso de inseticida e larvicida, uso de mosquiteiros e telas nas resid\u00eancias e limpezas dos quintais e calhas.<\/p>\n","protected":false},"excerpt":{"rendered":"<p>A Secretaria de Estado da Sa\u00fade (SES), por meio da Ger\u00eancia Operacional da Sa\u00fade Ambiental, iniciou o mapeamento das \u00e1reas mais prop\u00edcias \u00e0 prolifera\u00e7\u00e3o do mosquito \u201cmaruim\u201d, principal transmissor da febre oropouche. O reconhecimento se deu nos munic\u00edpios que fazem divisa com o estado de Pernambuco, onde j\u00e1 h\u00e1 casos confirmados da doen\u00e7a. De acordo &hellip;<\/p>\n","protected":false},"author":1,"featured_media":118795,"comment_status":"open","ping_status":"open","sticky":false,"template":"","format":"standard","meta":{"footnotes":""},"categories":[15],"tags":[],"class_list":["post-122643","post","type-post","status-publish","format-standard","has-post-thumbnail","hentry","category-links"],"_links":{"self":[{"href":"https:\/\/iparaiba.com.br\/index.php\/wp-json\/wp\/v2\/posts\/122643","targetHints":{"allow":["GET"]}}],"collection":[{"href":"https:\/\/iparaiba.com.br\/index.php\/wp-json\/wp\/v2\/posts"}],"about":[{"href":"https:\/\/iparaiba.com.br\/index.php\/wp-json\/wp\/v2\/types\/post"}],"author":[{"embeddable":true,"href":"https:\/\/iparaiba.com.br\/index.php\/wp-json\/wp\/v2\/users\/1"}],"replies":[{"embeddable":true,"href":"https:\/\/iparaiba.com.br\/index.php\/wp-json\/wp\/v2\/comments?post=122643"}],"version-history":[{"count":1,"href":"https:\/\/iparaiba.com.br\/index.php\/wp-json\/wp\/v2\/posts\/122643\/revisions"}],"predecessor-version":[{"id":122666,"href":"https:\/\/iparaiba.com.br\/index.php\/wp-json\/wp\/v2\/posts\/122643\/revisions\/122666"}],"wp:featuredmedia":[{"embeddable":true,"href":"https:\/\/iparaiba.com.br\/index.php\/wp-json\/wp\/v2\/media\/118795"}],"wp:attachment":[{"href":"https:\/\/iparaiba.com.br\/index.php\/wp-json\/wp\/v2\/media?parent=122643"}],"wp:term":[{"taxonomy":"category","embeddable":true,"href":"https:\/\/iparaiba.com.br\/index.php\/wp-json\/wp\/v2\/categories?post=122643"},{"taxonomy":"post_tag","embeddable":true,"href":"https:\/\/iparaiba.com.br\/index.php\/wp-json\/wp\/v2\/tags?post=122643"}],"curies":[{"name":"wp","href":"https:\/\/api.w.org\/{rel}","templated":true}]}}