{"id":122642,"date":"2024-08-13T18:55:05","date_gmt":"2024-08-13T21:55:05","guid":{"rendered":"https:\/\/onordeste.com.br\/?p=122633"},"modified":"2024-08-13T18:55:05","modified_gmt":"2024-08-13T21:55:05","slug":"fapesq-apoia-programa-do-sebrae-que-visa-fomentar-negocios-inovadores","status":"publish","type":"post","link":"https:\/\/iparaiba.com.br\/index.php\/2024\/08\/13\/fapesq-apoia-programa-do-sebrae-que-visa-fomentar-negocios-inovadores\/","title":{"rendered":"Fapesq apoia programa do Sebrae que visa fomentar neg\u00f3cios inovadores"},"content":{"rendered":"<p>O Governo da Para\u00edba, por meio da Funda\u00e7\u00e3o de Apoio \u00e0 Pesquisa do Estado da Para\u00edba (Fapesq\/PB), \u00e9 um dos parceiros do Sebrae na execu\u00e7\u00e3o do programa Startup NE para o ciclo de 2024 e 2025, que vai oferecer capacita\u00e7\u00e3o e apoio estrat\u00e9gico para o desenvolvimento de empreendedores de projetos inovadores e startups. A Fapesq destinar\u00e1 parte dos recursos das bolsas que ser\u00e3o pagas aos projetos selecionados, bem como far\u00e1 o acompanhamento delas.<\/p>\n<p>Esta iniciativa \u00e9 destinada a projetos inovadores e startups do estado da Para\u00edba que se encontram nas fases de maturidade de valida\u00e7\u00e3o, tra\u00e7\u00e3o, crescimento ou escala. Ser\u00e3o selecionados at\u00e9 250 projetos inovadores\/startups com inova\u00e7\u00e3o aplicada ao processo, produto, servi\u00e7o ou modelo de neg\u00f3cio, com alto potencial de crescimento e impacto social, preferencialmente com caracter\u00edsticas escal\u00e1veis. Os interessados devem cadastrar e submeter seus projetos at\u00e9 o dia 22 de setembro por meio do link\u00a0<a href=\"https:\/\/paraiba.pb.gov.br\/programas.sebraestartups.com.br\/in\/startupnordestepb\">programas.sebraestartups.com.br\/in\/startupnordestepb<\/a>\u00a0.<\/p>\n<p>Ap\u00f3s serem pr\u00e9-acelerados, os projetos inovadores\/startups participantes ser\u00e3o submetidos a uma segunda fase de sele\u00e7\u00e3o, na qual os 80 melhor avaliados avan\u00e7ar\u00e3o para o programa de acelera\u00e7\u00e3o. Por fim, com uma terceira sele\u00e7\u00e3o, 60 projetos e startups seguir\u00e3o com capacita\u00e7\u00f5es, mentorias de especialistas e receber\u00e3o a Bolsa S\u00f3cio Empreendedor &#8211; no valor mensal de R$ 6.500,00 pelo per\u00edodo de seis meses.<\/p>\n<p>O Edital est\u00e1 dispon\u00edvel em:\u00a0<a href=\"https:\/\/bit.ly\/editalstartupnordestepb\">https:\/\/bit.ly\/editalstartupnordestepb<\/a><\/p>\n<p>Principais etapas do processo seletivo<\/p>\n<p>\u2022\u00a0\u00a0\u00a0\u00a0\u00a0\u00a0\u00a0\u00a0\u00a0\u00a0\u00a0\u00a0 Inscri\u00e7\u00f5es: 29\/07 a 22\/09\/2024<\/p>\n<p>\u2022\u00a0\u00a0\u00a0\u00a0\u00a0\u00a0\u00a0\u00a0\u00a0\u00a0\u00a0\u00a0 Resultado preliminar: 07\/10\/2024<\/p>\n<p>\u2022\u00a0\u00a0\u00a0\u00a0\u00a0\u00a0\u00a0\u00a0\u00a0\u00a0\u00a0\u00a0 Interposi\u00e7\u00e3o de recursos: 08\/10\/2024<\/p>\n<p>\u2022\u00a0\u00a0\u00a0\u00a0\u00a0\u00a0\u00a0\u00a0\u00a0\u00a0\u00a0\u00a0 Resultado final: 14\/10\/2024<\/p>\n<p>\u2022\u00a0\u00a0\u00a0\u00a0\u00a0\u00a0\u00a0\u00a0\u00a0\u00a0\u00a0\u00a0 Pr\u00e9-acelera\u00e7\u00e3o: 15\/10 a 29\/11\/2024<\/p>\n<p>\u2022\u00a0\u00a0\u00a0\u00a0\u00a0\u00a0\u00a0\u00a0\u00a0\u00a0\u00a0\u00a0 Sele\u00e7\u00e3o para a Fase 2: 02\/12 a 20\/12\/2024<\/p>\n<p>\u2022\u00a0\u00a0\u00a0\u00a0\u00a0\u00a0\u00a0\u00a0\u00a0\u00a0\u00a0\u00a0 Acelera\u00e7\u00e3o: 06\/01 a 28\/02\/2025<\/p>\n<p>\u2022\u00a0\u00a0\u00a0\u00a0\u00a0\u00a0\u00a0\u00a0\u00a0\u00a0\u00a0\u00a0 Sele\u00e7\u00e3o para a Fase 3: 10\/03 a 25\/03\/2025<\/p>\n<p>\u2022\u00a0\u00a0\u00a0\u00a0\u00a0\u00a0\u00a0\u00a0\u00a0\u00a0\u00a0\u00a0 Acelera\u00e7\u00e3o e fomento (Bolsa S\u00f3cio Empreendedor): 02\/06 a 28\/11\/2025<\/p>\n<p>Startup NE | Para\u00edba &#8211; 2024\/2025<\/p>\n<p>O Startup Nordeste \u00e9 um programa do Sebrae que tem como principal objetivo fomentar neg\u00f3cios inovadores de pequeno porte na regi\u00e3o Nordeste. Para isso, busca impulsionar o crescimento da economia regional ao oferecer produtos e servi\u00e7os de alto valor agregado, fortalecendo a identidade da regi\u00e3o e estabelecendo o Nordeste como um polo promissor de inova\u00e7\u00e3o a n\u00edvel global.<\/p>\n<p>Canal de d\u00favidas e informa\u00e7\u00f5es:\u00a0<a href=\"mailto:startupnordestepb@sebrae.com.br\">startupnordestepb@sebrae.com.br<\/a><\/p>\n","protected":false},"excerpt":{"rendered":"<p>O Governo da Para\u00edba, por meio da Funda\u00e7\u00e3o de Apoio \u00e0 Pesquisa do Estado da Para\u00edba (Fapesq\/PB), \u00e9 um dos parceiros do Sebrae na execu\u00e7\u00e3o do programa Startup NE para o ciclo de 2024 e 2025, que vai oferecer capacita\u00e7\u00e3o e apoio estrat\u00e9gico para o desenvolvimento de empreendedores de projetos inovadores e startups. A Fapesq &hellip;<\/p>\n","protected":false},"author":1,"featured_media":100919,"comment_status":"open","ping_status":"open","sticky":false,"template":"","format":"standard","meta":{"footnotes":""},"categories":[3],"tags":[],"class_list":["post-122642","post","type-post","status-publish","format-standard","has-post-thumbnail","hentry","category-nordeste"],"_links":{"self":[{"href":"https:\/\/iparaiba.com.br\/index.php\/wp-json\/wp\/v2\/posts\/122642","targetHints":{"allow":["GET"]}}],"collection":[{"href":"https:\/\/iparaiba.com.br\/index.php\/wp-json\/wp\/v2\/posts"}],"about":[{"href":"https:\/\/iparaiba.com.br\/index.php\/wp-json\/wp\/v2\/types\/post"}],"author":[{"embeddable":true,"href":"https:\/\/iparaiba.com.br\/index.php\/wp-json\/wp\/v2\/users\/1"}],"replies":[{"embeddable":true,"href":"https:\/\/iparaiba.com.br\/index.php\/wp-json\/wp\/v2\/comments?post=122642"}],"version-history":[{"count":1,"href":"https:\/\/iparaiba.com.br\/index.php\/wp-json\/wp\/v2\/posts\/122642\/revisions"}],"predecessor-version":[{"id":122665,"href":"https:\/\/iparaiba.com.br\/index.php\/wp-json\/wp\/v2\/posts\/122642\/revisions\/122665"}],"wp:featuredmedia":[{"embeddable":true,"href":"https:\/\/iparaiba.com.br\/index.php\/wp-json\/wp\/v2\/media\/100919"}],"wp:attachment":[{"href":"https:\/\/iparaiba.com.br\/index.php\/wp-json\/wp\/v2\/media?parent=122642"}],"wp:term":[{"taxonomy":"category","embeddable":true,"href":"https:\/\/iparaiba.com.br\/index.php\/wp-json\/wp\/v2\/categories?post=122642"},{"taxonomy":"post_tag","embeddable":true,"href":"https:\/\/iparaiba.com.br\/index.php\/wp-json\/wp\/v2\/tags?post=122642"}],"curies":[{"name":"wp","href":"https:\/\/api.w.org\/{rel}","templated":true}]}}