{"id":122640,"date":"2024-08-13T14:00:53","date_gmt":"2024-08-13T17:00:53","guid":{"rendered":"https:\/\/onordeste.com.br\/?p=122628"},"modified":"2024-08-13T14:00:53","modified_gmt":"2024-08-13T17:00:53","slug":"programa-espaco-cultural-tem-tbt-do-show-de-lucy-alves-com-a-ospb","status":"publish","type":"post","link":"https:\/\/iparaiba.com.br\/index.php\/2024\/08\/13\/programa-espaco-cultural-tem-tbt-do-show-de-lucy-alves-com-a-ospb\/","title":{"rendered":"Programa Espa\u00e7o Cultural tem \u2018TBT\u2019 do show de Lucy Alves com a OSPB"},"content":{"rendered":"<p>O programa Espa\u00e7o Cultural, desta quinta-feira (15), traz o \u2018TBT\u2019 do show de Lucy Alves com a Orquestra Sinf\u00f4nica da Para\u00edba (OSPB) que comemorou os 439 anos da cidade de Jo\u00e3o Pessoa. O concerto foi destaque da programa\u00e7\u00e3o do \u00faltimo dia 5 de agosto. Com apresenta\u00e7\u00e3o do radialista e jornalista J\u00e3marr\u00ed Nogueira, o programa realizado pela Funda\u00e7\u00e3o Espa\u00e7o Cultural da Para\u00edba (Funesc), vai das 22h at\u00e9 a meia-noite, na Tabajara FM 105,5.<\/p>\n<p>A cantora paraibana Lucy Alves foi a convidada da noite especial. Ela se apresentou ao lado da Orquestra Sinf\u00f4nica da Para\u00edba, sob reg\u00eancia do maestro Gustavo de Paco de Gea. A a\u00e7\u00e3o, que tamb\u00e9m contou com uma feirinha cultural, aconteceu na Pra\u00e7a do Povo do Espa\u00e7o Cultural.<\/p>\n<p>O primeiro bloco do programa ter\u00e1 \u2018Meu Sublime Torr\u00e3o\u2019, \u2018Raps\u00f3dia Gonzagueana\u2019, \u2018Frevo Mulher\u2019 e \u2018Amor a perder de vista\u2019. No segundo bloco, Lucy canta \u2018Ai que saudade doc\u00ea\u2019, \u2018De volta pro meu aconchego\u2019, \u2018Xaxado no chiado\u2019 e \u2018O nosso amor n\u00e3o \u00e9 daqui\u2019. O bloco tem ainda \u2018Um tango para Jobim\u2019. Na terceira parte do programa, a artista paraibana (acompanhada da orquestra) tocar\u00e1 \u2018Muita estrada\u2019, \u2018Forr\u00f3 em Cabedelo\u2019 e \u2018Mela\u00e7o\u2019. O bis \u00e9 \u2018Frevo Mulher\u2019.<\/p>\n<p>Amazan, Sandra Bel\u00ea, Seu Pereira, Genival Lacerda e C\u00e1tia de Fran\u00e7a, al\u00e9m de Carlos Per\u00ea, Jackson do Pandeiro, banda As Par\u00eaa e Elba Ramalho est\u00e3o na playlist do quarto e \u00faltimo bloco. O Espa\u00e7o Cultural \u2013 que s\u00f3 toca m\u00fasica da Para\u00edba \u2013 pode ser ouvido pelo site https:\/\/radiotabajara.pb.gov.br\/radio-ao-vivo\/ e fica dispon\u00edvel no canal da Funesc no YouTube.<\/p>\n","protected":false},"excerpt":{"rendered":"<p>O programa Espa\u00e7o Cultural, desta quinta-feira (15), traz o \u2018TBT\u2019 do show de Lucy Alves com a Orquestra Sinf\u00f4nica da Para\u00edba (OSPB) que comemorou os 439 anos da cidade de Jo\u00e3o Pessoa. O concerto foi destaque da programa\u00e7\u00e3o do \u00faltimo dia 5 de agosto. Com apresenta\u00e7\u00e3o do radialista e jornalista J\u00e3marr\u00ed Nogueira, o programa realizado &hellip;<\/p>\n","protected":false},"author":1,"featured_media":100143,"comment_status":"open","ping_status":"open","sticky":false,"template":"","format":"standard","meta":{"footnotes":""},"categories":[4],"tags":[],"class_list":["post-122640","post","type-post","status-publish","format-standard","has-post-thumbnail","hentry","category-cultura"],"_links":{"self":[{"href":"https:\/\/iparaiba.com.br\/index.php\/wp-json\/wp\/v2\/posts\/122640","targetHints":{"allow":["GET"]}}],"collection":[{"href":"https:\/\/iparaiba.com.br\/index.php\/wp-json\/wp\/v2\/posts"}],"about":[{"href":"https:\/\/iparaiba.com.br\/index.php\/wp-json\/wp\/v2\/types\/post"}],"author":[{"embeddable":true,"href":"https:\/\/iparaiba.com.br\/index.php\/wp-json\/wp\/v2\/users\/1"}],"replies":[{"embeddable":true,"href":"https:\/\/iparaiba.com.br\/index.php\/wp-json\/wp\/v2\/comments?post=122640"}],"version-history":[{"count":1,"href":"https:\/\/iparaiba.com.br\/index.php\/wp-json\/wp\/v2\/posts\/122640\/revisions"}],"predecessor-version":[{"id":122663,"href":"https:\/\/iparaiba.com.br\/index.php\/wp-json\/wp\/v2\/posts\/122640\/revisions\/122663"}],"wp:featuredmedia":[{"embeddable":true,"href":"https:\/\/iparaiba.com.br\/index.php\/wp-json\/wp\/v2\/media\/100143"}],"wp:attachment":[{"href":"https:\/\/iparaiba.com.br\/index.php\/wp-json\/wp\/v2\/media?parent=122640"}],"wp:term":[{"taxonomy":"category","embeddable":true,"href":"https:\/\/iparaiba.com.br\/index.php\/wp-json\/wp\/v2\/categories?post=122640"},{"taxonomy":"post_tag","embeddable":true,"href":"https:\/\/iparaiba.com.br\/index.php\/wp-json\/wp\/v2\/tags?post=122640"}],"curies":[{"name":"wp","href":"https:\/\/api.w.org\/{rel}","templated":true}]}}