{"id":122635,"date":"2024-08-12T18:00:30","date_gmt":"2024-08-12T21:00:30","guid":{"rendered":"https:\/\/onordeste.com.br\/?p=122618"},"modified":"2024-08-12T18:00:30","modified_gmt":"2024-08-12T21:00:30","slug":"prefeitura-inicia-inscricao-para-concurso","status":"publish","type":"post","link":"https:\/\/iparaiba.com.br\/index.php\/2024\/08\/12\/prefeitura-inicia-inscricao-para-concurso\/","title":{"rendered":"Prefeitura inicia inscri\u00e7\u00e3o para concurso"},"content":{"rendered":"<p>Come\u00e7am nesta segunda-feira (12) as inscri\u00e7\u00f5es para o concurso p\u00fablico de agentes comunit\u00e1rios de sa\u00fade (ACS) e de agentes de combate \u00e0s endemias (ACE) da Prefeitura de Jo\u00e3o Pessoa.<\/p>\n<p>Para realizar a inscri\u00e7\u00e3o, o candidato dever\u00e1 acessar o link no site da realizadora, www.idecan.org.br, a partir das 14h, preencher o requerimento de inscri\u00e7\u00e3o e envi\u00e1-lo de acordo com as respectivas instru\u00e7\u00f5es.<\/p>\n<p>O pagamento do valor da taxa, R$ 100, poder\u00e1 ser efetuado at\u00e9 o primeiro dia \u00fatil subsequente ao \u00faltimo dia de inscri\u00e7\u00e3o, que s\u00f3 ter\u00e1 validade ap\u00f3s a confirma\u00e7\u00e3o do pagamento pela rede banc\u00e1ria. As inscri\u00e7\u00f5es se encerram \u00e0s 23h59 do dia 16 de setembro.<\/p>\n<p>Est\u00e3o sendo ofertadas\u00a0432 vagas e sal\u00e1rios de R$ 2.424,00. O certame ser\u00e1 realizado pelo Instituto de Desenvolvimento Educacional, Cultural e Assistencial Nacional (Idecan).\u00a0Confira o edital completo no link\u00a0<a href=\"https:\/\/joaopessoa.us13.list-manage.com\/track\/click?u=6b8230288b203511692924965&amp;id=daa07c4761&amp;e=eb8525bb30\" target=\"_blank\" rel=\"noopener\" data-saferedirecturl=\"https:\/\/www.google.com\/url?q=https:\/\/joaopessoa.us13.list-manage.com\/track\/click?u%3D6b8230288b203511692924965%26id%3Ddaa07c4761%26e%3Deb8525bb30&amp;source=gmail&amp;ust=1723471184098000&amp;usg=AOvVaw3LwXR19tcKoaXKEDiugujp\">https:\/\/www.joaopessoa.pb.gov.<wbr \/>br\/wp-content\/uploads\/2024\/08\/<wbr \/>2024_Diario_585_06-08.pdf<\/a><\/p>\n<p>Cargos \u2013 Para o cargo de agente comunit\u00e1rio de sa\u00fade s\u00e3o 282 vagas, sendo 14 para PCD e 268 para ampla concorr\u00eancia. Os pr\u00e9-requisitos s\u00e3o o n\u00edvel m\u00e9dio e que os candidatos residam na \u00e1rea de atendimento. Estes profissionais atuar\u00e3o em atividades de preven\u00e7\u00e3o a doen\u00e7as e promo\u00e7\u00e3o \u00e0 sa\u00fade, mediante a\u00e7\u00f5es domiciliares ou comunit\u00e1ria, individuais ou coletivas.<\/p>\n<p>J\u00e1 no cargo de agente de combate \u00e0s endemias s\u00e3o 150 vagas, sendo oito PCD e 142 ampla concorr\u00eancia. O n\u00edvel de escolaridade tamb\u00e9m \u00e9 o m\u00e9dio e a atua\u00e7\u00e3o \u00e9 no desenvolvimento de atividades relacionadas ao controle e erradica\u00e7\u00e3o de endemias e zoonoses e participar de a\u00e7\u00f5es de educa\u00e7\u00e3o em sa\u00fade, entre outras.<\/p>\n<p>Provas \u2013 As provas objetivas, com 50 quest\u00f5es, acontecer\u00e3o no dia 1\u00ba de dezembro, das 8h \u00e0s 12h para o cargo de agente de combate \u00e0s endemias e das 15h \u00e0s 19h para o cargo de agente comunit\u00e1rio de sa\u00fade.<\/p>\n","protected":false},"excerpt":{"rendered":"<p>Come\u00e7am nesta segunda-feira (12) as inscri\u00e7\u00f5es para o concurso p\u00fablico de agentes comunit\u00e1rios de sa\u00fade (ACS) e de agentes de combate \u00e0s endemias (ACE) da Prefeitura de Jo\u00e3o Pessoa. Para realizar a inscri\u00e7\u00e3o, o candidato dever\u00e1 acessar o link no site da realizadora, www.idecan.org.br, a partir das 14h, preencher o requerimento de inscri\u00e7\u00e3o e envi\u00e1-lo &hellip;<\/p>\n","protected":false},"author":1,"featured_media":97627,"comment_status":"open","ping_status":"open","sticky":false,"template":"","format":"standard","meta":{"footnotes":""},"categories":[12],"tags":[],"class_list":["post-122635","post","type-post","status-publish","format-standard","has-post-thumbnail","hentry","category-emprego"],"_links":{"self":[{"href":"https:\/\/iparaiba.com.br\/index.php\/wp-json\/wp\/v2\/posts\/122635","targetHints":{"allow":["GET"]}}],"collection":[{"href":"https:\/\/iparaiba.com.br\/index.php\/wp-json\/wp\/v2\/posts"}],"about":[{"href":"https:\/\/iparaiba.com.br\/index.php\/wp-json\/wp\/v2\/types\/post"}],"author":[{"embeddable":true,"href":"https:\/\/iparaiba.com.br\/index.php\/wp-json\/wp\/v2\/users\/1"}],"replies":[{"embeddable":true,"href":"https:\/\/iparaiba.com.br\/index.php\/wp-json\/wp\/v2\/comments?post=122635"}],"version-history":[{"count":1,"href":"https:\/\/iparaiba.com.br\/index.php\/wp-json\/wp\/v2\/posts\/122635\/revisions"}],"predecessor-version":[{"id":122658,"href":"https:\/\/iparaiba.com.br\/index.php\/wp-json\/wp\/v2\/posts\/122635\/revisions\/122658"}],"wp:featuredmedia":[{"embeddable":true,"href":"https:\/\/iparaiba.com.br\/index.php\/wp-json\/wp\/v2\/media\/97627"}],"wp:attachment":[{"href":"https:\/\/iparaiba.com.br\/index.php\/wp-json\/wp\/v2\/media?parent=122635"}],"wp:term":[{"taxonomy":"category","embeddable":true,"href":"https:\/\/iparaiba.com.br\/index.php\/wp-json\/wp\/v2\/categories?post=122635"},{"taxonomy":"post_tag","embeddable":true,"href":"https:\/\/iparaiba.com.br\/index.php\/wp-json\/wp\/v2\/tags?post=122635"}],"curies":[{"name":"wp","href":"https:\/\/api.w.org\/{rel}","templated":true}]}}