{"id":122634,"date":"2024-08-12T16:00:25","date_gmt":"2024-08-12T19:00:25","guid":{"rendered":"https:\/\/onordeste.com.br\/?p=122616"},"modified":"2024-08-12T16:00:25","modified_gmt":"2024-08-12T19:00:25","slug":"financiamento-de-veiculos-tem-melhor-resultado","status":"publish","type":"post","link":"https:\/\/iparaiba.com.br\/index.php\/2024\/08\/12\/financiamento-de-veiculos-tem-melhor-resultado\/","title":{"rendered":"Financiamento de ve\u00edculos tem melhor resultado"},"content":{"rendered":"<p>O m\u00eas de julho registrou\u00a0crescimento das vendas financiadas de ve\u00edculos. Ao todo, 626 mil unidades, entre ve\u00edculos usados e zero quil\u00f4metro, foram adquiridas por meio de financiamentos. O crescimento foi de 27,2% em rela\u00e7\u00e3o a julho de 2023 e de 7,2% em rela\u00e7\u00e3o a junho deste ano. Esse desempenho foi o melhor desde dezembro de 2013, segundo o levantamento feito pela B3 (Bolsa de Valores).<img decoding=\"async\" class=\"entered lazyloaded\" src=\"https:\/\/agenciabrasil.ebc.com.br\/ebc.png?id=1607239&amp;o=node\" data-lazy-src=\"https:\/\/agenciabrasil.ebc.com.br\/ebc.png?id=1607239&amp;o=node\" data-ll-status=\"loaded\" \/><img decoding=\"async\" class=\"entered lazyloaded\" src=\"https:\/\/agenciabrasil.ebc.com.br\/ebc.gif?id=1607239&amp;o=node\" data-lazy-src=\"https:\/\/agenciabrasil.ebc.com.br\/ebc.gif?id=1607239&amp;o=node\" data-ll-status=\"loaded\" \/><\/p>\n<p>A pesquisa apontou que, no segmento de ve\u00edculos leves, o aumento dos financiamentos foi de 26% na compara\u00e7\u00e3o com julho do ano passado e de 11,3% em rela\u00e7\u00e3o a junho deste ano.<\/p>\n<p>No caso de ve\u00edculos pesados, de utiliza\u00e7\u00e3o no segmento log\u00edstico do pa\u00eds, os financiamentos cresceram 28,1% em julho deste ano em rela\u00e7\u00e3o a igual per\u00edodo de 2023. Na compara\u00e7\u00e3o com o m\u00eas de junho, a alta foi de 10,8%.<\/p>\n<p>J\u00e1 o financiamento de motocicletas teve expans\u00e3o de\u00a032% em julho, na compara\u00e7\u00e3o com o mesmo m\u00eas do ano passado. Por\u00e9m, houve queda de 5% dos financiamentos em rela\u00e7\u00e3o a junho.<br \/>\nAg\u00eancia Brasil<\/p>\n","protected":false},"excerpt":{"rendered":"<p>O m\u00eas de julho registrou\u00a0crescimento das vendas financiadas de ve\u00edculos. Ao todo, 626 mil unidades, entre ve\u00edculos usados e zero quil\u00f4metro, foram adquiridas por meio de financiamentos. O crescimento foi de 27,2% em rela\u00e7\u00e3o a julho de 2023 e de 7,2% em rela\u00e7\u00e3o a junho deste ano. Esse desempenho foi o melhor desde dezembro de &hellip;<\/p>\n","protected":false},"author":1,"featured_media":105851,"comment_status":"open","ping_status":"open","sticky":false,"template":"","format":"standard","meta":{"footnotes":""},"categories":[16],"tags":[],"class_list":["post-122634","post","type-post","status-publish","format-standard","has-post-thumbnail","hentry","category-economia"],"_links":{"self":[{"href":"https:\/\/iparaiba.com.br\/index.php\/wp-json\/wp\/v2\/posts\/122634","targetHints":{"allow":["GET"]}}],"collection":[{"href":"https:\/\/iparaiba.com.br\/index.php\/wp-json\/wp\/v2\/posts"}],"about":[{"href":"https:\/\/iparaiba.com.br\/index.php\/wp-json\/wp\/v2\/types\/post"}],"author":[{"embeddable":true,"href":"https:\/\/iparaiba.com.br\/index.php\/wp-json\/wp\/v2\/users\/1"}],"replies":[{"embeddable":true,"href":"https:\/\/iparaiba.com.br\/index.php\/wp-json\/wp\/v2\/comments?post=122634"}],"version-history":[{"count":1,"href":"https:\/\/iparaiba.com.br\/index.php\/wp-json\/wp\/v2\/posts\/122634\/revisions"}],"predecessor-version":[{"id":122657,"href":"https:\/\/iparaiba.com.br\/index.php\/wp-json\/wp\/v2\/posts\/122634\/revisions\/122657"}],"wp:featuredmedia":[{"embeddable":true,"href":"https:\/\/iparaiba.com.br\/index.php\/wp-json\/wp\/v2\/media\/105851"}],"wp:attachment":[{"href":"https:\/\/iparaiba.com.br\/index.php\/wp-json\/wp\/v2\/media?parent=122634"}],"wp:term":[{"taxonomy":"category","embeddable":true,"href":"https:\/\/iparaiba.com.br\/index.php\/wp-json\/wp\/v2\/categories?post=122634"},{"taxonomy":"post_tag","embeddable":true,"href":"https:\/\/iparaiba.com.br\/index.php\/wp-json\/wp\/v2\/tags?post=122634"}],"curies":[{"name":"wp","href":"https:\/\/api.w.org\/{rel}","templated":true}]}}