{"id":122633,"date":"2024-08-12T14:00:14","date_gmt":"2024-08-12T17:00:14","guid":{"rendered":"https:\/\/onordeste.com.br\/?p=122614"},"modified":"2024-08-12T14:00:14","modified_gmt":"2024-08-12T17:00:14","slug":"propaganda-eleitoral-comeca-na-sexta-feira","status":"publish","type":"post","link":"https:\/\/iparaiba.com.br\/index.php\/2024\/08\/12\/propaganda-eleitoral-comeca-na-sexta-feira\/","title":{"rendered":"Propaganda eleitoral come\u00e7a na sexta-feira"},"content":{"rendered":"<p>A partir da pr\u00f3xima sexta-feira (16) est\u00e3o liberadas as propagandas para as elei\u00e7\u00f5es municipais de outubro, no que deve ser o primeiro pleito no Brasil diretamente impactado por novas tecnologias de intelig\u00eancia artificial (IA), aquelas capazes de produzir imagens e sons sint\u00e9ticos muito pr\u00f3ximos do real. As propagandas v\u00e3o at\u00e9 o dia 30 de setembro.<\/p>\n<p>Diante da aus\u00eancia de leis sobre IA no pa\u00eds, o Tribunal Superior Eleitoral (TSE) decidiu se adiantar e aprovar regras para regular a utiliza\u00e7\u00e3o desse tipo de tecnologia nas propagandas eleitorais. Pelas regras aprovadas, o uso de \u201cconte\u00fado sint\u00e9tico multim\u00eddia\u201d gerado por IA deve sempre vir acompanhado de um alerta sobre sua utiliza\u00e7\u00e3o, seja em qualquer modalidade de propaganda eleitoral.<\/p>\n<p>Nas pe\u00e7as no r\u00e1dio, por exemplo, se houver sons criados por IA deve ser alertado ao ouvinte antes da propaganda ir ao ar. Imagens est\u00e1ticas exigem uma marca d\u2019\u00e1gua, enquanto material audiovisual deve fazer o alerta pr\u00e9vio e estampar a marca d\u2019\u00e1gua. Em material impresso, o aviso deve constar em cada p\u00e1gina que contenha imagens geradas por meio de IA.<\/p>\n<p>Em caso de descumprimento, qualquer propaganda pode ser tirada de circula\u00e7\u00e3o, seja por ordem judicial ou mesmo por iniciativa dos pr\u00f3prios provedores de servi\u00e7os de comunica\u00e7\u00e3o, prev\u00ea a resolu\u00e7\u00e3o eleitoral que trata do tema.<\/p>\n","protected":false},"excerpt":{"rendered":"<p>A partir da pr\u00f3xima sexta-feira (16) est\u00e3o liberadas as propagandas para as elei\u00e7\u00f5es municipais de outubro, no que deve ser o primeiro pleito no Brasil diretamente impactado por novas tecnologias de intelig\u00eancia artificial (IA), aquelas capazes de produzir imagens e sons sint\u00e9ticos muito pr\u00f3ximos do real. As propagandas v\u00e3o at\u00e9 o dia 30 de setembro. &hellip;<\/p>\n","protected":false},"author":1,"featured_media":108159,"comment_status":"open","ping_status":"open","sticky":false,"template":"","format":"standard","meta":{"footnotes":""},"categories":[8],"tags":[],"class_list":["post-122633","post","type-post","status-publish","format-standard","has-post-thumbnail","hentry","category-politica"],"_links":{"self":[{"href":"https:\/\/iparaiba.com.br\/index.php\/wp-json\/wp\/v2\/posts\/122633","targetHints":{"allow":["GET"]}}],"collection":[{"href":"https:\/\/iparaiba.com.br\/index.php\/wp-json\/wp\/v2\/posts"}],"about":[{"href":"https:\/\/iparaiba.com.br\/index.php\/wp-json\/wp\/v2\/types\/post"}],"author":[{"embeddable":true,"href":"https:\/\/iparaiba.com.br\/index.php\/wp-json\/wp\/v2\/users\/1"}],"replies":[{"embeddable":true,"href":"https:\/\/iparaiba.com.br\/index.php\/wp-json\/wp\/v2\/comments?post=122633"}],"version-history":[{"count":1,"href":"https:\/\/iparaiba.com.br\/index.php\/wp-json\/wp\/v2\/posts\/122633\/revisions"}],"predecessor-version":[{"id":122656,"href":"https:\/\/iparaiba.com.br\/index.php\/wp-json\/wp\/v2\/posts\/122633\/revisions\/122656"}],"wp:featuredmedia":[{"embeddable":true,"href":"https:\/\/iparaiba.com.br\/index.php\/wp-json\/wp\/v2\/media\/108159"}],"wp:attachment":[{"href":"https:\/\/iparaiba.com.br\/index.php\/wp-json\/wp\/v2\/media?parent=122633"}],"wp:term":[{"taxonomy":"category","embeddable":true,"href":"https:\/\/iparaiba.com.br\/index.php\/wp-json\/wp\/v2\/categories?post=122633"},{"taxonomy":"post_tag","embeddable":true,"href":"https:\/\/iparaiba.com.br\/index.php\/wp-json\/wp\/v2\/tags?post=122633"}],"curies":[{"name":"wp","href":"https:\/\/api.w.org\/{rel}","templated":true}]}}