{"id":122600,"date":"2024-08-06T15:27:58","date_gmt":"2024-08-06T18:27:58","guid":{"rendered":"https:\/\/onordeste.com.br\/?p=122544"},"modified":"2024-08-06T15:27:58","modified_gmt":"2024-08-06T18:27:58","slug":"assembleia-aprova-projeto-para-capacitar-gestantes-no-atendimento-de-emergencia-a-criancas","status":"publish","type":"post","link":"https:\/\/iparaiba.com.br\/index.php\/2024\/08\/06\/assembleia-aprova-projeto-para-capacitar-gestantes-no-atendimento-de-emergencia-a-criancas\/","title":{"rendered":"Assembleia aprova projeto para capacitar gestantes no atendimento de emerg\u00eancia a crian\u00e7as"},"content":{"rendered":"<p>A Assembleia Legislativa da Para\u00edba aprovou, nesta ter\u00e7a-feira (6), por unanimidade, o projeto de lei que prop\u00f5e a cria\u00e7\u00e3o de cursos gratuitos destinados a mulheres gestantes usu\u00e1rias da rede p\u00fablica de sa\u00fade do Estado da Para\u00edba.<\/p>\n<p>O texto apresentado atrav\u00e9s do PL 1.103\/2023, de autoria da deputada Jane Panta, visa capacitar gr\u00e1vidas em cuidados e atendimentos de emerg\u00eancia para crian\u00e7as de zero a seis anos, abordando temas cruciais como acompanhamento pr\u00e9-natal, parto humanizado, e primeiros socorros. De acordo com a parlamentar, a proposta busca atingir especialmente as gestantes que dependem do Sistema \u00danico de Sa\u00fade (SUS), muitas vezes sem acesso a informa\u00e7\u00f5es ou cursos pagos sobre cuidados maternos e infantis. &#8211;<\/p>\n<p>&#8220;Os cursos gratuitos v\u00e3o dar o conhecimento necess\u00e1rio para que as m\u00e3es possam lidar com emerg\u00eancias e promover um desenvolvimento saud\u00e1vel para seus filhos, contribuindo assim para a redu\u00e7\u00e3o de acidentes e mortalidade infantil no Estado da Para\u00edba&#8221;, justificou a deputada Jane Panta.<\/p>\n<p>Os parlamentares tamb\u00e9m votaram a favor do PL 1.129\/2023, apresentado pelo deputado Romualdo, que cria a Pol\u00edtica Estadual de Avalia\u00e7\u00e3o em Sa\u00fade dos alunos do Ensino M\u00e9dio das escolas da rede p\u00fablica estadual. A mat\u00e9ria prop\u00f5e que os estudantes sejam submetidos anualmente a avalia\u00e7\u00f5es nas especialidades de neurologia, oftalmologia e cardiologia.<\/p>\n<p>Romualdo argumenta que a medida busca identificar poss\u00edveis patologias que possam comprometer o desenvolvimento dos alunos, promovendo a\u00e7\u00f5es de preven\u00e7\u00e3o e prote\u00e7\u00e3o \u00e0 sa\u00fade. &#8220;Nosso objetivo \u00e9 garantir que os jovens da rede p\u00fablica, muitos dos quais nunca tiveram acesso a uma avalia\u00e7\u00e3o m\u00e9dica preventiva, possam ser atendidos de forma adequada e oportuna. Este projeto reflete o compromisso do Estado em priorizar a sa\u00fade p\u00fablica e o bem-estar de nossos estudantes&#8221;, afirmou o deputado.<\/p>\n","protected":false},"excerpt":{"rendered":"<p>A Assembleia Legislativa da Para\u00edba aprovou, nesta ter\u00e7a-feira (6), por unanimidade, o projeto de lei que prop\u00f5e a cria\u00e7\u00e3o de cursos gratuitos destinados a mulheres gestantes usu\u00e1rias da rede p\u00fablica de sa\u00fade do Estado da Para\u00edba. O texto apresentado atrav\u00e9s do PL 1.103\/2023, de autoria da deputada Jane Panta, visa capacitar gr\u00e1vidas em cuidados e &hellip;<\/p>\n","protected":false},"author":1,"featured_media":115221,"comment_status":"open","ping_status":"open","sticky":false,"template":"","format":"standard","meta":{"footnotes":""},"categories":[8],"tags":[],"class_list":["post-122600","post","type-post","status-publish","format-standard","has-post-thumbnail","hentry","category-politica"],"_links":{"self":[{"href":"https:\/\/iparaiba.com.br\/index.php\/wp-json\/wp\/v2\/posts\/122600","targetHints":{"allow":["GET"]}}],"collection":[{"href":"https:\/\/iparaiba.com.br\/index.php\/wp-json\/wp\/v2\/posts"}],"about":[{"href":"https:\/\/iparaiba.com.br\/index.php\/wp-json\/wp\/v2\/types\/post"}],"author":[{"embeddable":true,"href":"https:\/\/iparaiba.com.br\/index.php\/wp-json\/wp\/v2\/users\/1"}],"replies":[{"embeddable":true,"href":"https:\/\/iparaiba.com.br\/index.php\/wp-json\/wp\/v2\/comments?post=122600"}],"version-history":[{"count":0,"href":"https:\/\/iparaiba.com.br\/index.php\/wp-json\/wp\/v2\/posts\/122600\/revisions"}],"wp:featuredmedia":[{"embeddable":true,"href":"https:\/\/iparaiba.com.br\/index.php\/wp-json\/wp\/v2\/media\/115221"}],"wp:attachment":[{"href":"https:\/\/iparaiba.com.br\/index.php\/wp-json\/wp\/v2\/media?parent=122600"}],"wp:term":[{"taxonomy":"category","embeddable":true,"href":"https:\/\/iparaiba.com.br\/index.php\/wp-json\/wp\/v2\/categories?post=122600"},{"taxonomy":"post_tag","embeddable":true,"href":"https:\/\/iparaiba.com.br\/index.php\/wp-json\/wp\/v2\/tags?post=122600"}],"curies":[{"name":"wp","href":"https:\/\/api.w.org\/{rel}","templated":true}]}}