{"id":122593,"date":"2024-08-09T10:00:37","date_gmt":"2024-08-09T13:00:37","guid":{"rendered":"https:\/\/onordeste.com.br\/?p=122593"},"modified":"2024-08-09T10:00:37","modified_gmt":"2024-08-09T13:00:37","slug":"desemprego-cai-para-69-2","status":"publish","type":"post","link":"https:\/\/iparaiba.com.br\/index.php\/2024\/08\/09\/desemprego-cai-para-69-2\/","title":{"rendered":"Desemprego cai para 6,9%"},"content":{"rendered":"<p>A taxa de desemprego no trimestre encerrado em junho caiu para 6,9%, esse \u00e9 o menor resultado para um trimestre desde o terminado em janeiro de 2015, quando tamb\u00e9m marcou 6,9%. Observando apenas o per\u00edodo de tr\u00eas meses que vai at\u00e9 junho, \u00e9 o menor resultado j\u00e1 registrado, se igualando a 2014. Os dados fazem parte da Pesquisa Nacional por Amostra de Domic\u00edlios (Pnad) Cont\u00ednua, divulgada nesta quarta-feira (31) pelo Instituto Brasileiro de Geografia e Estat\u00edstica (IBGE).<img decoding=\"async\" src=\"https:\/\/agenciabrasil.ebc.com.br\/ebc.png?id=1606075&amp;o=node\" \/><img decoding=\"async\" src=\"https:\/\/agenciabrasil.ebc.com.br\/ebc.gif?id=1606075&amp;o=node\" \/><\/p>\n<p>No trimestre m\u00f3vel anterior, fechado em mar\u00e7o, a taxa de desemprego estava em 7,9%. J\u00e1 no segundo trimestre de 2023, o \u00edndice era de 8%. A marca atingida em junho \u00e9 menos da metade do pico da s\u00e9rie hist\u00f3rica do IBGE, em mar\u00e7o de 2021, quando a taxa alcan\u00e7ou 14,9%. \u00c0 \u00e9poca, era o auge da pandemia de covid-19. A s\u00e9rie se inicia em 2012. O resultado mais baixo j\u00e1 registrado \u00e9 de 6,3% em dezembro de 2013.<\/p>\n<p>No trimestre encerrado em junho, o n\u00famero de pessoas que procuravam trabalho ficou em 7,5 milh\u00f5es \u2013 o menor desde o trimestre encerrado em fevereiro de 2015. Isso representa queda de 12,5% no trimestre. J\u00e1 em rela\u00e7\u00e3o ao mesmo per\u00edodo do ano passado, a redu\u00e7\u00e3o foi de 12,8%.<\/p>\n<p>Ag\u00eancia Brasil<\/p>\n","protected":false},"excerpt":{"rendered":"<p>A taxa de desemprego no trimestre encerrado em junho caiu para 6,9%, esse \u00e9 o menor resultado para um trimestre desde o terminado em janeiro de 2015, quando tamb\u00e9m marcou 6,9%. Observando apenas o per\u00edodo de tr\u00eas meses que vai at\u00e9 junho, \u00e9 o menor resultado j\u00e1 registrado, se igualando a 2014. Os dados fazem &hellip;<\/p>\n","protected":false},"author":1,"featured_media":99582,"comment_status":"open","ping_status":"open","sticky":false,"template":"","format":"standard","meta":{"footnotes":""},"categories":[12],"tags":[],"class_list":["post-122593","post","type-post","status-publish","format-standard","has-post-thumbnail","hentry","category-emprego"],"_links":{"self":[{"href":"https:\/\/iparaiba.com.br\/index.php\/wp-json\/wp\/v2\/posts\/122593","targetHints":{"allow":["GET"]}}],"collection":[{"href":"https:\/\/iparaiba.com.br\/index.php\/wp-json\/wp\/v2\/posts"}],"about":[{"href":"https:\/\/iparaiba.com.br\/index.php\/wp-json\/wp\/v2\/types\/post"}],"author":[{"embeddable":true,"href":"https:\/\/iparaiba.com.br\/index.php\/wp-json\/wp\/v2\/users\/1"}],"replies":[{"embeddable":true,"href":"https:\/\/iparaiba.com.br\/index.php\/wp-json\/wp\/v2\/comments?post=122593"}],"version-history":[{"count":1,"href":"https:\/\/iparaiba.com.br\/index.php\/wp-json\/wp\/v2\/posts\/122593\/revisions"}],"predecessor-version":[{"id":122626,"href":"https:\/\/iparaiba.com.br\/index.php\/wp-json\/wp\/v2\/posts\/122593\/revisions\/122626"}],"wp:featuredmedia":[{"embeddable":true,"href":"https:\/\/iparaiba.com.br\/index.php\/wp-json\/wp\/v2\/media\/99582"}],"wp:attachment":[{"href":"https:\/\/iparaiba.com.br\/index.php\/wp-json\/wp\/v2\/media?parent=122593"}],"wp:term":[{"taxonomy":"category","embeddable":true,"href":"https:\/\/iparaiba.com.br\/index.php\/wp-json\/wp\/v2\/categories?post=122593"},{"taxonomy":"post_tag","embeddable":true,"href":"https:\/\/iparaiba.com.br\/index.php\/wp-json\/wp\/v2\/tags?post=122593"}],"curies":[{"name":"wp","href":"https:\/\/api.w.org\/{rel}","templated":true}]}}