{"id":122581,"date":"2024-08-08T12:00:32","date_gmt":"2024-08-08T15:00:32","guid":{"rendered":"https:\/\/onordeste.com.br\/?p=122581"},"modified":"2024-08-08T12:00:32","modified_gmt":"2024-08-08T15:00:32","slug":"stf-faz-reuniao-tecnica-para-adocao-de-providencias-para-fim-do-orcamento-secreto","status":"publish","type":"post","link":"https:\/\/iparaiba.com.br\/index.php\/2024\/08\/08\/stf-faz-reuniao-tecnica-para-adocao-de-providencias-para-fim-do-orcamento-secreto\/","title":{"rendered":"STF faz reuni\u00e3o t\u00e9cnica para ado\u00e7\u00e3o de provid\u00eancias para fim do or\u00e7amento secreto"},"content":{"rendered":"<p>A primeira reuni\u00e3o t\u00e9cnica marcada pelo ministro Fl\u00e1vio Dino, do Supremo Tribunal Federal (STF), para o detalhamento das informa\u00e7\u00f5es e procedimentos a serem adotados visando o cumprimento integral das decis\u00f5es do ac\u00f3rd\u00e3o do Tribunal na Argui\u00e7\u00e3o de Descumprimento de Preceito Fundamental (ADPF 854), foi realizada nesta ter\u00e7a-feira (6), na sala de reuni\u00f5es da presid\u00eancia do STF.<\/p>\n<p>Para identificar os dados sobre as emendas RP9 (emendas de relator) e RP8 (emendas de comiss\u00e3o), conhecidas como or\u00e7amento secreto, foi criada uma comiss\u00e3o que ir\u00e1 mapear essas informa\u00e7\u00f5es e apresentar um relat\u00f3rio em nova reuni\u00e3o marcada para o pr\u00f3ximo dia 21 de agosto, \u00e0s 10h, na sala de reuni\u00f5es da presid\u00eancia do Supremo.<\/p>\n<p>Entre as quest\u00f5es a serem respondidas pela comiss\u00e3o est\u00e3o: Quais dados existem e os que n\u00e3o existem; quais os que est\u00e3o dispon\u00edveis ao acesso p\u00fablico e em algum local; quem s\u00e3o os detentores das informa\u00e7\u00f5es n\u00e3o publicadas; quais pol\u00edticas p\u00fablicas est\u00e3o prejudicadas com a suspens\u00e3o das emendas determinada pela decis\u00e3o do ministro Fl\u00e1vio Dino; e quais podem continuar por terem atendido as exig\u00eancias da decis\u00e3o do Tribunal.<\/p>\n<p>A comiss\u00e3o ser\u00e1 formada por representantes da Controladoria-Geral da Rep\u00fablica (CGU), Tribunal de Contas da Uni\u00e3o (TCU), Secretaria de Rela\u00e7\u00f5es Institucionais (SRI), Secretaria de Or\u00e7amento e Finan\u00e7as, do Minist\u00e9rio do Planejamento e Or\u00e7amento (SOF\/MPO), e Associa\u00e7\u00e3o dos Membros dos Tribunais de Contas do Brasil (Atricon). Ser\u00e1 presidida por Guilherme Resende, economista da presid\u00eancia do STF.<\/p>\n<p>A reuni\u00e3o foi coordenada por Amanda Thom\u00e9, ju\u00edza auxiliar do gabinete do ministro Fl\u00e1vio Dino; por Tr\u00edcia Navarro, ju\u00edza auxiliar da presid\u00eancia do STF; e Guilherme Resende. Participaram Catarina Sales Mendes, da Procuradoria-Geral da Rep\u00fablica (PGR); Isadora Cartaxo, da Advocacia-Geral da Rep\u00fablica (AGU); Gabrielle Tatith, do Senado Federal; Jules Pereira Queiroz, da C\u00e2mara dos Deputados; Marcelo Eira (TCU), Eveline Martins Brito, da CGU; e Bruna Freitas, representando o PSOL, partido autor da a\u00e7\u00e3o.<\/p>\n","protected":false},"excerpt":{"rendered":"<p>A primeira reuni\u00e3o t\u00e9cnica marcada pelo ministro Fl\u00e1vio Dino, do Supremo Tribunal Federal (STF), para o detalhamento das informa\u00e7\u00f5es e procedimentos a serem adotados visando o cumprimento integral das decis\u00f5es do ac\u00f3rd\u00e3o do Tribunal na Argui\u00e7\u00e3o de Descumprimento de Preceito Fundamental (ADPF 854), foi realizada nesta ter\u00e7a-feira (6), na sala de reuni\u00f5es da presid\u00eancia do &hellip;<\/p>\n","protected":false},"author":1,"featured_media":107952,"comment_status":"open","ping_status":"open","sticky":false,"template":"","format":"standard","meta":{"footnotes":""},"categories":[10],"tags":[],"class_list":["post-122581","post","type-post","status-publish","format-standard","has-post-thumbnail","hentry","category-manchetes"],"_links":{"self":[{"href":"https:\/\/iparaiba.com.br\/index.php\/wp-json\/wp\/v2\/posts\/122581","targetHints":{"allow":["GET"]}}],"collection":[{"href":"https:\/\/iparaiba.com.br\/index.php\/wp-json\/wp\/v2\/posts"}],"about":[{"href":"https:\/\/iparaiba.com.br\/index.php\/wp-json\/wp\/v2\/types\/post"}],"author":[{"embeddable":true,"href":"https:\/\/iparaiba.com.br\/index.php\/wp-json\/wp\/v2\/users\/1"}],"replies":[{"embeddable":true,"href":"https:\/\/iparaiba.com.br\/index.php\/wp-json\/wp\/v2\/comments?post=122581"}],"version-history":[{"count":1,"href":"https:\/\/iparaiba.com.br\/index.php\/wp-json\/wp\/v2\/posts\/122581\/revisions"}],"predecessor-version":[{"id":122620,"href":"https:\/\/iparaiba.com.br\/index.php\/wp-json\/wp\/v2\/posts\/122581\/revisions\/122620"}],"wp:featuredmedia":[{"embeddable":true,"href":"https:\/\/iparaiba.com.br\/index.php\/wp-json\/wp\/v2\/media\/107952"}],"wp:attachment":[{"href":"https:\/\/iparaiba.com.br\/index.php\/wp-json\/wp\/v2\/media?parent=122581"}],"wp:term":[{"taxonomy":"category","embeddable":true,"href":"https:\/\/iparaiba.com.br\/index.php\/wp-json\/wp\/v2\/categories?post=122581"},{"taxonomy":"post_tag","embeddable":true,"href":"https:\/\/iparaiba.com.br\/index.php\/wp-json\/wp\/v2\/tags?post=122581"}],"curies":[{"name":"wp","href":"https:\/\/api.w.org\/{rel}","templated":true}]}}