{"id":122577,"date":"2024-08-08T08:00:37","date_gmt":"2024-08-08T11:00:37","guid":{"rendered":"https:\/\/onordeste.com.br\/?p=122577"},"modified":"2024-08-08T08:00:37","modified_gmt":"2024-08-08T11:00:37","slug":"forca-policial-integrada-prende-lider-de-faccao-criminosa","status":"publish","type":"post","link":"https:\/\/iparaiba.com.br\/index.php\/2024\/08\/08\/forca-policial-integrada-prende-lider-de-faccao-criminosa\/","title":{"rendered":"For\u00e7a policial integrada prende l\u00edder de fac\u00e7\u00e3o criminosa"},"content":{"rendered":"<p style=\"text-align: left;\" align=\"right\">A For\u00e7a Integrada de Combate ao Crime Organizado na Bahia (Ficco\/BA), em continuidade \u00e0s investiga\u00e7\u00f5es contra fac\u00e7\u00f5es criminosas violentas atuantes no estado, deflagrou a\u00e7\u00e3o conjunta com a FICCO\/SP, contra principal lideran\u00e7a de fac\u00e7\u00e3o criminosa violenta com atua\u00e7\u00e3o em Salvador.<\/p>\n<p>Um dos investigados, estava escondido em cidade no interior do estado de S\u00e3o Paulo, onde contava com prote\u00e7\u00e3o da fac\u00e7\u00e3o criminosa regional que domina o tr\u00e1fico il\u00edcito de drogas no. Mesmo de longe, tomava decis\u00f5es sobre a fac\u00e7\u00e3o e comandava o tr\u00e1fico de drogas e a pr\u00e1tica crimes violentos na capital baiana.<\/p>\n<p>As investiga\u00e7\u00f5es apontam que o indiv\u00edduo foi um dos principais articuladores de \u201cbondes\u201d que atacam rivais baianos e ainda determina ataques violentos e organizava o fornecimento de drogas e armas para o grupo. Tamb\u00e9m seria o principal articulador em liberdade que atacou equipes policiais em setembro do ano passado, no bairro da Val\u00e9ria em Salvador.<\/p>\n<p>O suspeito tinha contra si tr\u00eas mandados de pris\u00e3o pendentes de cumprimento, expedidos por varas criminais, al\u00e9m de vasto hist\u00f3rico criminal e investiga\u00e7\u00f5es em andamento. As penas dos crimes cometidos pelo acusado somadas podem chegar a mais de 70 anos de reclus\u00e3o.<\/p>\n<p>No momento da abordagem das equipes da PM\/SP e Ficco\/SP, o criminoso resistiu \u00e0 voz de pris\u00e3o e realizou disparos de arma de fogo contra os policiais. Durante o confronto acabou sendo atingido, foi imediatamente socorrido, mas n\u00e3o resistiu aos ferimentos. Todo o procedimento subsequente foi formalizado na Pol\u00edcia Civil de S\u00e3o Paulo.<\/p>\n<p>As investiga\u00e7\u00f5es continuam para identificar e prender outros integrantes da fac\u00e7\u00e3o criminosa, localizar patrim\u00f4nios adquiridos com produtos dos crimes e impedir novos ataques violentos.<\/p>\n<p>A Ficco Bahia \u00e9 formada pela Pol\u00edcia Federal, Pol\u00edcia Militar, Pol\u00edcia Civil e Pol\u00edcia Rodovi\u00e1ria Federal.<\/p>\n<p><em><strong>Por PF-BA<\/strong><\/em><\/p>\n","protected":false},"excerpt":{"rendered":"<p>A For\u00e7a Integrada de Combate ao Crime Organizado na Bahia (Ficco\/BA), em continuidade \u00e0s investiga\u00e7\u00f5es contra fac\u00e7\u00f5es criminosas violentas atuantes no estado, deflagrou a\u00e7\u00e3o conjunta com a FICCO\/SP, contra principal lideran\u00e7a de fac\u00e7\u00e3o criminosa violenta com atua\u00e7\u00e3o em Salvador. Um dos investigados, estava escondido em cidade no interior do estado de S\u00e3o Paulo, onde contava &hellip;<\/p>\n","protected":false},"author":1,"featured_media":119146,"comment_status":"open","ping_status":"open","sticky":false,"template":"","format":"standard","meta":{"footnotes":""},"categories":[13],"tags":[],"class_list":["post-122577","post","type-post","status-publish","format-standard","has-post-thumbnail","hentry","category-policial"],"_links":{"self":[{"href":"https:\/\/iparaiba.com.br\/index.php\/wp-json\/wp\/v2\/posts\/122577","targetHints":{"allow":["GET"]}}],"collection":[{"href":"https:\/\/iparaiba.com.br\/index.php\/wp-json\/wp\/v2\/posts"}],"about":[{"href":"https:\/\/iparaiba.com.br\/index.php\/wp-json\/wp\/v2\/types\/post"}],"author":[{"embeddable":true,"href":"https:\/\/iparaiba.com.br\/index.php\/wp-json\/wp\/v2\/users\/1"}],"replies":[{"embeddable":true,"href":"https:\/\/iparaiba.com.br\/index.php\/wp-json\/wp\/v2\/comments?post=122577"}],"version-history":[{"count":1,"href":"https:\/\/iparaiba.com.br\/index.php\/wp-json\/wp\/v2\/posts\/122577\/revisions"}],"predecessor-version":[{"id":122618,"href":"https:\/\/iparaiba.com.br\/index.php\/wp-json\/wp\/v2\/posts\/122577\/revisions\/122618"}],"wp:featuredmedia":[{"embeddable":true,"href":"https:\/\/iparaiba.com.br\/index.php\/wp-json\/wp\/v2\/media\/119146"}],"wp:attachment":[{"href":"https:\/\/iparaiba.com.br\/index.php\/wp-json\/wp\/v2\/media?parent=122577"}],"wp:term":[{"taxonomy":"category","embeddable":true,"href":"https:\/\/iparaiba.com.br\/index.php\/wp-json\/wp\/v2\/categories?post=122577"},{"taxonomy":"post_tag","embeddable":true,"href":"https:\/\/iparaiba.com.br\/index.php\/wp-json\/wp\/v2\/tags?post=122577"}],"curies":[{"name":"wp","href":"https:\/\/api.w.org\/{rel}","templated":true}]}}