{"id":122572,"date":"2024-08-07T18:49:14","date_gmt":"2024-08-07T21:49:14","guid":{"rendered":"https:\/\/onordeste.com.br\/?p=122572"},"modified":"2024-08-07T18:49:14","modified_gmt":"2024-08-07T21:49:14","slug":"alckmin-afirma-que-reforma-tributaria-diminui-imposto-de-atividades-produtivas","status":"publish","type":"post","link":"https:\/\/iparaiba.com.br\/index.php\/2024\/08\/07\/alckmin-afirma-que-reforma-tributaria-diminui-imposto-de-atividades-produtivas\/","title":{"rendered":"Alckmin afirma que reforma tribut\u00e1ria diminui imposto de atividades produtivas"},"content":{"rendered":"<p>Geraldo Alckmin, presidente em exerc\u00edcio e ministro do Desenvolvimento, Ind\u00fastria, Com\u00e9rcio e Servi\u00e7os, afirmou que a reforma tribut\u00e1ria preparada pelo Governo Federal vai diminuir a carga tribut\u00e1ria sobre as atividades produtivas e, portanto, sobre a gera\u00e7\u00e3o de empregos e sal\u00e1rios. Alckmin participou, nesta ter\u00e7a (6) do semin\u00e1rio\u00a0\u201cPol\u00edticas Industriais no Brasil e no Mundo\u201d, em Bras\u00edlia.<\/p>\n<p>\u201cEla [a reforma] tira cumulatividade. Ela desonera totalmente investimento e exporta\u00e7\u00e3o. Quanto menos exce\u00e7\u00e3o melhor\u201d, pontuou o ministro sobre a reforma, que est\u00e1 na fase de regulamenta\u00e7\u00e3o. \u201cEstudos do IPEA mostram que em 15 anos, a reforma tribut\u00e1ria pode fazer o PIB crescer 12%, o investimento crescer 14% e as exporta\u00e7\u00f5es crescerem 17%\u201d, concluiu.<\/p>\n<p>O ministro da Fazenda substituto, Dario Durigan, destacou o compromisso do governo com um projeto de desenvolvimento de pa\u00eds lastreado na responsabilidade pol\u00edtica e econ\u00f4mica, com di\u00e1logo aberto para avan\u00e7ar. \u201cN\u00f3s estamos zerando o d\u00e9ficit do pa\u00eds. Isso permite que os juros caiam, permita que as empresas tenham estabilidade. E isso permite que a gente avance na pol\u00edtica industrial, avance na transforma\u00e7\u00e3o ecol\u00f3gica, nos seus v\u00e1rios eixos\u201d, destacou.<\/p>\n<p>De acordo com Durigan, o Plano de Transforma\u00e7\u00e3o Ecol\u00f3gica, alinhado \u00e0 NIB, busca olhar o Brasil al\u00e9m de um mero exportador de commodities. \u201cA gente quer adensar a cadeia produtiva\u201d, disse. \u201cTudo o que puder ser feito, que estiver ao nosso alcance, ser\u00e1 feito, e a ind\u00fastria est\u00e1 em primeiro lugar. Fizemos o projeto do hidrog\u00eanio verde, o Mover, a lei da deprecia\u00e7\u00e3o acelerada. A gente tem certeza que apostar na ind\u00fastria \u00e9 o correto para ser feito para o pa\u00eds\u201d, completou.<\/p>\n<p>O vice-presidente da CNI, L\u00e9o de Castro, afirmou que a nova pol\u00edtica industrial trar\u00e1 crescimento econ\u00f4mico e bem-estar para a popula\u00e7\u00e3o brasileira. Ele alertou que o sucesso da NIB depende da uni\u00e3o de for\u00e7as entre o governo, a ind\u00fastria e academia, e da prioriza\u00e7\u00e3o de pol\u00edticas verdes.<\/p>\n<p>\u201cN\u00e3o \u00e9 exagero dizer que o pa\u00eds est\u00e1 diante de uma oportunidade hist\u00f3rica de transformar a ind\u00fastria e a economia nacional\u201d, enfatizou.<\/p>\n<p>Para o diretor de Planejamento e Rela\u00e7\u00f5es Institucionais do BNDES, Nelson Barbosa Filho, para ter uma economia forte \u00e9 preciso ter uma ind\u00fastria forte, que inova e se renova. \u201cA ind\u00fastria, em todos os lugares do mundo, \u00e9 um setor que gera mais ganhos de produtividade, n\u00e3o s\u00f3 para si, mas para os outros setores\u201d, afirmou.<\/p>\n","protected":false},"excerpt":{"rendered":"<p>Geraldo Alckmin, presidente em exerc\u00edcio e ministro do Desenvolvimento, Ind\u00fastria, Com\u00e9rcio e Servi\u00e7os, afirmou que a reforma tribut\u00e1ria preparada pelo Governo Federal vai diminuir a carga tribut\u00e1ria sobre as atividades produtivas e, portanto, sobre a gera\u00e7\u00e3o de empregos e sal\u00e1rios. Alckmin participou, nesta ter\u00e7a (6) do semin\u00e1rio\u00a0\u201cPol\u00edticas Industriais no Brasil e no Mundo\u201d, em Bras\u00edlia. &hellip;<\/p>\n","protected":false},"author":1,"featured_media":97620,"comment_status":"open","ping_status":"open","sticky":false,"template":"","format":"standard","meta":{"footnotes":""},"categories":[16],"tags":[],"class_list":["post-122572","post","type-post","status-publish","format-standard","has-post-thumbnail","hentry","category-economia"],"_links":{"self":[{"href":"https:\/\/iparaiba.com.br\/index.php\/wp-json\/wp\/v2\/posts\/122572","targetHints":{"allow":["GET"]}}],"collection":[{"href":"https:\/\/iparaiba.com.br\/index.php\/wp-json\/wp\/v2\/posts"}],"about":[{"href":"https:\/\/iparaiba.com.br\/index.php\/wp-json\/wp\/v2\/types\/post"}],"author":[{"embeddable":true,"href":"https:\/\/iparaiba.com.br\/index.php\/wp-json\/wp\/v2\/users\/1"}],"replies":[{"embeddable":true,"href":"https:\/\/iparaiba.com.br\/index.php\/wp-json\/wp\/v2\/comments?post=122572"}],"version-history":[{"count":1,"href":"https:\/\/iparaiba.com.br\/index.php\/wp-json\/wp\/v2\/posts\/122572\/revisions"}],"predecessor-version":[{"id":122616,"href":"https:\/\/iparaiba.com.br\/index.php\/wp-json\/wp\/v2\/posts\/122572\/revisions\/122616"}],"wp:featuredmedia":[{"embeddable":true,"href":"https:\/\/iparaiba.com.br\/index.php\/wp-json\/wp\/v2\/media\/97620"}],"wp:attachment":[{"href":"https:\/\/iparaiba.com.br\/index.php\/wp-json\/wp\/v2\/media?parent=122572"}],"wp:term":[{"taxonomy":"category","embeddable":true,"href":"https:\/\/iparaiba.com.br\/index.php\/wp-json\/wp\/v2\/categories?post=122572"},{"taxonomy":"post_tag","embeddable":true,"href":"https:\/\/iparaiba.com.br\/index.php\/wp-json\/wp\/v2\/tags?post=122572"}],"curies":[{"name":"wp","href":"https:\/\/api.w.org\/{rel}","templated":true}]}}