{"id":122570,"date":"2024-08-07T16:00:02","date_gmt":"2024-08-07T19:00:02","guid":{"rendered":"https:\/\/onordeste.com.br\/?p=122570"},"modified":"2024-08-07T16:00:02","modified_gmt":"2024-08-07T19:00:02","slug":"policia-cumpre-tres-mandados-de-prisao-por-estupro-de-vulneravel","status":"publish","type":"post","link":"https:\/\/iparaiba.com.br\/index.php\/2024\/08\/07\/policia-cumpre-tres-mandados-de-prisao-por-estupro-de-vulneravel\/","title":{"rendered":"Pol\u00edcia cumpre tr\u00eas mandados de pris\u00e3o por estupro de vulner\u00e1vel"},"content":{"rendered":"<p>Policiais do 15\u00ba Batalh\u00e3o de Pol\u00edcia Militar cumpriram tr\u00eas mandados de pris\u00e3o preventiva em Pocinhos, relacionados ao crime de estupro de vulner\u00e1vel. Entre os presos est\u00e3o um homem de 70 anos, principal acusado, e dois familiares da v\u00edtima, tamb\u00e9m envolvidos no caso.<\/p>\n<p>As pris\u00f5es ocorreram ap\u00f3s den\u00fancias e dilig\u00eancias realizadas pela For\u00e7a T\u00e1tica. Os acusados foram encaminhados \u00e0 Delegacia de Pol\u00edcia Civil de Esperan\u00e7a, onde permanecem \u00e0 disposi\u00e7\u00e3o da Justi\u00e7a. A v\u00edtima recebe suporte necess\u00e1rio e o caso segue sob sigilo para sua prote\u00e7\u00e3o.<\/p>\n","protected":false},"excerpt":{"rendered":"<p>Policiais do 15\u00ba Batalh\u00e3o de Pol\u00edcia Militar cumpriram tr\u00eas mandados de pris\u00e3o preventiva em Pocinhos, relacionados ao crime de estupro de vulner\u00e1vel. Entre os presos est\u00e3o um homem de 70 anos, principal acusado, e dois familiares da v\u00edtima, tamb\u00e9m envolvidos no caso. As pris\u00f5es ocorreram ap\u00f3s den\u00fancias e dilig\u00eancias realizadas pela For\u00e7a T\u00e1tica. Os acusados &hellip;<\/p>\n","protected":false},"author":1,"featured_media":98249,"comment_status":"open","ping_status":"open","sticky":false,"template":"","format":"standard","meta":{"footnotes":""},"categories":[13],"tags":[],"class_list":["post-122570","post","type-post","status-publish","format-standard","has-post-thumbnail","hentry","category-policial"],"_links":{"self":[{"href":"https:\/\/iparaiba.com.br\/index.php\/wp-json\/wp\/v2\/posts\/122570","targetHints":{"allow":["GET"]}}],"collection":[{"href":"https:\/\/iparaiba.com.br\/index.php\/wp-json\/wp\/v2\/posts"}],"about":[{"href":"https:\/\/iparaiba.com.br\/index.php\/wp-json\/wp\/v2\/types\/post"}],"author":[{"embeddable":true,"href":"https:\/\/iparaiba.com.br\/index.php\/wp-json\/wp\/v2\/users\/1"}],"replies":[{"embeddable":true,"href":"https:\/\/iparaiba.com.br\/index.php\/wp-json\/wp\/v2\/comments?post=122570"}],"version-history":[{"count":1,"href":"https:\/\/iparaiba.com.br\/index.php\/wp-json\/wp\/v2\/posts\/122570\/revisions"}],"predecessor-version":[{"id":122615,"href":"https:\/\/iparaiba.com.br\/index.php\/wp-json\/wp\/v2\/posts\/122570\/revisions\/122615"}],"wp:featuredmedia":[{"embeddable":true,"href":"https:\/\/iparaiba.com.br\/index.php\/wp-json\/wp\/v2\/media\/98249"}],"wp:attachment":[{"href":"https:\/\/iparaiba.com.br\/index.php\/wp-json\/wp\/v2\/media?parent=122570"}],"wp:term":[{"taxonomy":"category","embeddable":true,"href":"https:\/\/iparaiba.com.br\/index.php\/wp-json\/wp\/v2\/categories?post=122570"},{"taxonomy":"post_tag","embeddable":true,"href":"https:\/\/iparaiba.com.br\/index.php\/wp-json\/wp\/v2\/tags?post=122570"}],"curies":[{"name":"wp","href":"https:\/\/api.w.org\/{rel}","templated":true}]}}