{"id":122566,"date":"2024-08-07T12:00:52","date_gmt":"2024-08-07T15:00:52","guid":{"rendered":"https:\/\/onordeste.com.br\/?p=122566"},"modified":"2024-08-07T12:00:52","modified_gmt":"2024-08-07T15:00:52","slug":"policia-militar-prende-acusados-de-homicidio","status":"publish","type":"post","link":"https:\/\/iparaiba.com.br\/index.php\/2024\/08\/07\/policia-militar-prende-acusados-de-homicidio\/","title":{"rendered":"Pol\u00edcia Militar prende acusados de homic\u00eddio"},"content":{"rendered":"<p>A Pol\u00edcia Militar prendeu, em flagrante, os principais acusados de um homic\u00eddio que ocorreu no come\u00e7o da tarde desta ter\u00e7a-feira (06) no bairro do Jos\u00e9 Am\u00e9rico, em Jo\u00e3o Pessoa. Tr\u00eas acusados foram localizados e presos na regi\u00e3o da comunidade Castelinho, em Cabedelo, pouco tempo ap\u00f3s o crime. A ocorr\u00eancia est\u00e1 em andamento (foto acima ilustrativa).<\/p>\n<p>De acordo com o comando da 6\u00aa Companhia Independente, os acusados foram interceptados em um ve\u00edculo branco, usado na fuga ap\u00f3s o homic\u00eddio. Segundo as primeiras informa\u00e7\u00f5es, uma arma e por\u00e7\u00f5es de drogas teriam sido apreendidas com os criminosos. Informa\u00e7\u00f5es preliminares apontam que um dos suspeitos reagiu e houve confronto. O homem foi conduzido para o Hospital de Emerg\u00eancia e Trauma.<\/p>\n<p>A real motiva\u00e7\u00e3o do homic\u00eddio ser\u00e1 investigada.<\/p>\n","protected":false},"excerpt":{"rendered":"<p>A Pol\u00edcia Militar prendeu, em flagrante, os principais acusados de um homic\u00eddio que ocorreu no come\u00e7o da tarde desta ter\u00e7a-feira (06) no bairro do Jos\u00e9 Am\u00e9rico, em Jo\u00e3o Pessoa. Tr\u00eas acusados foram localizados e presos na regi\u00e3o da comunidade Castelinho, em Cabedelo, pouco tempo ap\u00f3s o crime. A ocorr\u00eancia est\u00e1 em andamento (foto acima ilustrativa). &hellip;<\/p>\n","protected":false},"author":1,"featured_media":119197,"comment_status":"open","ping_status":"open","sticky":false,"template":"","format":"standard","meta":{"footnotes":""},"categories":[13],"tags":[],"class_list":["post-122566","post","type-post","status-publish","format-standard","has-post-thumbnail","hentry","category-policial"],"_links":{"self":[{"href":"https:\/\/iparaiba.com.br\/index.php\/wp-json\/wp\/v2\/posts\/122566","targetHints":{"allow":["GET"]}}],"collection":[{"href":"https:\/\/iparaiba.com.br\/index.php\/wp-json\/wp\/v2\/posts"}],"about":[{"href":"https:\/\/iparaiba.com.br\/index.php\/wp-json\/wp\/v2\/types\/post"}],"author":[{"embeddable":true,"href":"https:\/\/iparaiba.com.br\/index.php\/wp-json\/wp\/v2\/users\/1"}],"replies":[{"embeddable":true,"href":"https:\/\/iparaiba.com.br\/index.php\/wp-json\/wp\/v2\/comments?post=122566"}],"version-history":[{"count":1,"href":"https:\/\/iparaiba.com.br\/index.php\/wp-json\/wp\/v2\/posts\/122566\/revisions"}],"predecessor-version":[{"id":122613,"href":"https:\/\/iparaiba.com.br\/index.php\/wp-json\/wp\/v2\/posts\/122566\/revisions\/122613"}],"wp:featuredmedia":[{"embeddable":true,"href":"https:\/\/iparaiba.com.br\/index.php\/wp-json\/wp\/v2\/media\/119197"}],"wp:attachment":[{"href":"https:\/\/iparaiba.com.br\/index.php\/wp-json\/wp\/v2\/media?parent=122566"}],"wp:term":[{"taxonomy":"category","embeddable":true,"href":"https:\/\/iparaiba.com.br\/index.php\/wp-json\/wp\/v2\/categories?post=122566"},{"taxonomy":"post_tag","embeddable":true,"href":"https:\/\/iparaiba.com.br\/index.php\/wp-json\/wp\/v2\/tags?post=122566"}],"curies":[{"name":"wp","href":"https:\/\/api.w.org\/{rel}","templated":true}]}}