{"id":122560,"date":"2024-08-07T08:00:36","date_gmt":"2024-08-07T11:00:36","guid":{"rendered":"https:\/\/onordeste.com.br\/?p=122560"},"modified":"2024-08-07T08:00:36","modified_gmt":"2024-08-07T11:00:36","slug":"programa-participa-de-encontro-nacional-no-rio-de-janeiro","status":"publish","type":"post","link":"https:\/\/iparaiba.com.br\/index.php\/2024\/08\/07\/programa-participa-de-encontro-nacional-no-rio-de-janeiro\/","title":{"rendered":"Programa participa de encontro nacional no Rio de Janeiro"},"content":{"rendered":"<p>Integrantes do Programa do Artesanato Paraibano (PAP) participam do Encontro Nacional dos Coordenadores Estaduais do Artesanato Brasileiro, no Centro de Refer\u00eancia do Artesanato Brasileiro do Sebrae (Crab), no Rio de Janeiro. O objetivo do Governo da Para\u00edba, que \u00e9 representado pela presidente da Curadoria do PAP e gerente do Museu Casa de Jos\u00e9 Am\u00e9rico, Janete Rodriguez, \u00e9 fortalecer ainda mais o segmento, gerador de emprego e renda, aqui no estado.<\/p>\n<p>Durante o encontro, ser\u00e3o discutidas formas de fortalecer o artesanato e melhorar a realiza\u00e7\u00e3o de eventos nacionais, a exemplo da Feira Nacional de Neg\u00f3cios do Artesanato (Fenearte), realizada todos os anos no Centro de Conven\u00e7\u00f5es de Pernambuco, em Olinda \u2014 na \u00faltima edi\u00e7\u00e3o, por exemplo, os neg\u00f3cios do artesanato paraibano tiveram um crescimento de 125% ante a edi\u00e7\u00e3o do ano passado.<\/p>\n<p>Na ocasi\u00e3o, a professora Janete Rodriguez destacou a import\u00e2ncia do encontro para o fortalecimento do artesanato brasileiro e do paraibano, em particular. \u201cPara n\u00f3s, \u00e9 um momento muito importante e honroso, sobretudo pela forma com que somos recebidos e ouvidos durante as reuni\u00f5es. A Para\u00edba no cen\u00e1rio nacional vem conquistando um espa\u00e7o muito importante, pela qualidade de seus produtos artesanais e pela estrutura do seu programa de artesanato\u201d, destacou Janete Rodriguez, que est\u00e1 acompanhada de Rosa L\u00facia, secret\u00e1ria da Curadoria do PAP.<\/p>\n","protected":false},"excerpt":{"rendered":"<p>Integrantes do Programa do Artesanato Paraibano (PAP) participam do Encontro Nacional dos Coordenadores Estaduais do Artesanato Brasileiro, no Centro de Refer\u00eancia do Artesanato Brasileiro do Sebrae (Crab), no Rio de Janeiro. O objetivo do Governo da Para\u00edba, que \u00e9 representado pela presidente da Curadoria do PAP e gerente do Museu Casa de Jos\u00e9 Am\u00e9rico, Janete &hellip;<\/p>\n","protected":false},"author":1,"featured_media":116741,"comment_status":"open","ping_status":"open","sticky":false,"template":"","format":"standard","meta":{"footnotes":""},"categories":[15],"tags":[],"class_list":["post-122560","post","type-post","status-publish","format-standard","has-post-thumbnail","hentry","category-links"],"_links":{"self":[{"href":"https:\/\/iparaiba.com.br\/index.php\/wp-json\/wp\/v2\/posts\/122560","targetHints":{"allow":["GET"]}}],"collection":[{"href":"https:\/\/iparaiba.com.br\/index.php\/wp-json\/wp\/v2\/posts"}],"about":[{"href":"https:\/\/iparaiba.com.br\/index.php\/wp-json\/wp\/v2\/types\/post"}],"author":[{"embeddable":true,"href":"https:\/\/iparaiba.com.br\/index.php\/wp-json\/wp\/v2\/users\/1"}],"replies":[{"embeddable":true,"href":"https:\/\/iparaiba.com.br\/index.php\/wp-json\/wp\/v2\/comments?post=122560"}],"version-history":[{"count":1,"href":"https:\/\/iparaiba.com.br\/index.php\/wp-json\/wp\/v2\/posts\/122560\/revisions"}],"predecessor-version":[{"id":122610,"href":"https:\/\/iparaiba.com.br\/index.php\/wp-json\/wp\/v2\/posts\/122560\/revisions\/122610"}],"wp:featuredmedia":[{"embeddable":true,"href":"https:\/\/iparaiba.com.br\/index.php\/wp-json\/wp\/v2\/media\/116741"}],"wp:attachment":[{"href":"https:\/\/iparaiba.com.br\/index.php\/wp-json\/wp\/v2\/media?parent=122560"}],"wp:term":[{"taxonomy":"category","embeddable":true,"href":"https:\/\/iparaiba.com.br\/index.php\/wp-json\/wp\/v2\/categories?post=122560"},{"taxonomy":"post_tag","embeddable":true,"href":"https:\/\/iparaiba.com.br\/index.php\/wp-json\/wp\/v2\/tags?post=122560"}],"curies":[{"name":"wp","href":"https:\/\/api.w.org\/{rel}","templated":true}]}}