{"id":122554,"date":"2024-08-06T16:00:06","date_gmt":"2024-08-06T19:00:06","guid":{"rendered":"https:\/\/onordeste.com.br\/?p=122554"},"modified":"2024-08-06T16:00:06","modified_gmt":"2024-08-06T19:00:06","slug":"tcu-e-tribunais-de-contas-locais-fiscalizam-o-programa-nacional-de-imunizacoes","status":"publish","type":"post","link":"https:\/\/iparaiba.com.br\/index.php\/2024\/08\/06\/tcu-e-tribunais-de-contas-locais-fiscalizam-o-programa-nacional-de-imunizacoes\/","title":{"rendered":"TCU e tribunais de contas locais fiscalizam o Programa Nacional de Imuniza\u00e7\u00f5es"},"content":{"rendered":"<p>O Tribunal de Contas da Uni\u00e3o (TCU), em uma a\u00e7\u00e3o conjunta com 20 tribunais de contas brasileiros que integram a Rede Integrar, conduz\u00a0auditoria coordenada para avaliar o Programa Nacional de Imuniza\u00e7\u00f5es (PNI),\u00a0que garante o acesso gratuito da popula\u00e7\u00e3o \u00e0s vacinas recomendadas pela Organiza\u00e7\u00e3o Mundial da Sa\u00fade (OMS).<\/p>\n<p>A auditoria, de relatoria do ministro Vital do R\u00eago, determinada pelo\u00a0<a href=\"https:\/\/pesquisa.apps.tcu.gov.br\/documento\/acordao-completo\/*\/NUMACORDAO%253A2622%2520ANOACORDAO%253A2022%2520\/DTRELEVANCIA%2520desc%252C%2520NUMACORDAOINT%2520desc\/0\">Ac\u00f3rd\u00e3o 2.622\/2022 &#8211; Plen\u00e1rio<\/a>,\u00a0busca verificar a ades\u00e3o dos estados e munic\u00edpios aos sistemas de informa\u00e7\u00f5es, averiguar o controle de estoques e perdas de vacinas,\u00a0e examinar a implementa\u00e7\u00e3o do microplanejamento, que \u00e9 nova estrat\u00e9gia preconizada pelo Minist\u00e9rio da Sa\u00fade para as a\u00e7\u00f5es de vacina\u00e7\u00e3o (Portaria GM\/MS 844, de 14\/7\/2023).<\/p>\n<p>Mesmo em fase de execu\u00e7\u00e3o, a auditoria j\u00e1 apresenta resultados promissores. Com dados extra\u00eddos dos sistemas do Minist\u00e9rio da Sa\u00fade e visitas de campo realizadas pelos Tribunais participantes.\u00a0J\u00e1 foram inspecionadas, at\u00e9 o momento, 246 salas de vacina\u00e7\u00e3o em 99 munic\u00edpios, al\u00e9m de 33 centrais estaduais\/regionais e 93 centrais municipais\/regionais.\u00a0Durante as inspe\u00e7\u00f5es, foram examinados documentos, equipamentos, estrutura f\u00edsica, armazenamento de vacinas e a atua\u00e7\u00e3o dos profissionais envolvidos.<\/p>\n<p>Al\u00e9m disso,\u00a0os 27 estados e 2.304 munic\u00edpios participaram da pesquisa eletr\u00f4nica sobre a implementa\u00e7\u00e3o local do Programa,\u00a0por meio das coordena\u00e7\u00f5es de imuniza\u00e7\u00e3o estaduais e municipais. Os procedimentos referentes ao Rio Grande do Sul foram adiados em um m\u00eas, em raz\u00e3o das enchentes ocorridas no Estado durante o m\u00eas de abril.<\/p>\n<p>A auditoria foi motivada pela queda progressiva nas taxas de cobertura vacinal no Brasil desde 2016, resultando em risco de retorno de doen\u00e7as anteriormente eliminadas.<\/p>\n","protected":false},"excerpt":{"rendered":"<p>O Tribunal de Contas da Uni\u00e3o (TCU), em uma a\u00e7\u00e3o conjunta com 20 tribunais de contas brasileiros que integram a Rede Integrar, conduz\u00a0auditoria coordenada para avaliar o Programa Nacional de Imuniza\u00e7\u00f5es (PNI),\u00a0que garante o acesso gratuito da popula\u00e7\u00e3o \u00e0s vacinas recomendadas pela Organiza\u00e7\u00e3o Mundial da Sa\u00fade (OMS). A auditoria, de relatoria do ministro Vital do &hellip;<\/p>\n","protected":false},"author":1,"featured_media":97326,"comment_status":"open","ping_status":"open","sticky":false,"template":"","format":"standard","meta":{"footnotes":""},"categories":[2],"tags":[],"class_list":["post-122554","post","type-post","status-publish","format-standard","has-post-thumbnail","hentry","category-saude"],"_links":{"self":[{"href":"https:\/\/iparaiba.com.br\/index.php\/wp-json\/wp\/v2\/posts\/122554","targetHints":{"allow":["GET"]}}],"collection":[{"href":"https:\/\/iparaiba.com.br\/index.php\/wp-json\/wp\/v2\/posts"}],"about":[{"href":"https:\/\/iparaiba.com.br\/index.php\/wp-json\/wp\/v2\/types\/post"}],"author":[{"embeddable":true,"href":"https:\/\/iparaiba.com.br\/index.php\/wp-json\/wp\/v2\/users\/1"}],"replies":[{"embeddable":true,"href":"https:\/\/iparaiba.com.br\/index.php\/wp-json\/wp\/v2\/comments?post=122554"}],"version-history":[{"count":0,"href":"https:\/\/iparaiba.com.br\/index.php\/wp-json\/wp\/v2\/posts\/122554\/revisions"}],"wp:featuredmedia":[{"embeddable":true,"href":"https:\/\/iparaiba.com.br\/index.php\/wp-json\/wp\/v2\/media\/97326"}],"wp:attachment":[{"href":"https:\/\/iparaiba.com.br\/index.php\/wp-json\/wp\/v2\/media?parent=122554"}],"wp:term":[{"taxonomy":"category","embeddable":true,"href":"https:\/\/iparaiba.com.br\/index.php\/wp-json\/wp\/v2\/categories?post=122554"},{"taxonomy":"post_tag","embeddable":true,"href":"https:\/\/iparaiba.com.br\/index.php\/wp-json\/wp\/v2\/tags?post=122554"}],"curies":[{"name":"wp","href":"https:\/\/api.w.org\/{rel}","templated":true}]}}