{"id":122544,"date":"2024-08-01T10:09:59","date_gmt":"2024-08-01T13:09:59","guid":{"rendered":"https:\/\/onordeste.com.br\/?p=122502"},"modified":"2024-08-01T10:09:59","modified_gmt":"2024-08-01T13:09:59","slug":"campanha-de-vacinacao-contra-raiva-animal","status":"publish","type":"post","link":"https:\/\/iparaiba.com.br\/index.php\/2024\/08\/01\/campanha-de-vacinacao-contra-raiva-animal\/","title":{"rendered":"Campanha de Vacina\u00e7\u00e3o contra Raiva Animal"},"content":{"rendered":"<p>A Secretaria de Estado da Sa\u00fade (SES), por meio da Ger\u00eancia Executiva de Vigil\u00e2ncia em Sa\u00fade, deu in\u00edcio aos preparativos para o dia D de Vacina\u00e7\u00e3o contra a Raiva Animal, que vai acontecer no dia 31 de agosto, em toda Para\u00edba. A iniciativa dos preparativos tem o objetivo de garantir que todos os munic\u00edpios do estado estejam abastecidos com os insumos necess\u00e1rios para a realiza\u00e7\u00e3o da campanha.<\/p>\n<p>De acordo com o chefe da \u00c1rea T\u00e9cnica do N\u00facleo de Controle de Zoonoses da SES, Assis Azevedo, foram realizadas reuni\u00f5es na sede das 12 Ger\u00eancias Regionais de Sa\u00fade e com munic\u00edpios correspondentes repassando as informa\u00e7\u00f5es sobre a operacionaliza\u00e7\u00e3o da campanha, visando uma boa cobertura vacinal, per\u00edodo da campanha, informes t\u00e9cnicos e tirando d\u00favidas junto aos t\u00e9cnicos dos diversos munic\u00edpios.<\/p>\n<p>\u201cA partir do dia 12 de agosto, a SES iniciar\u00e1 a distribui\u00e7\u00e3o dos insumos necess\u00e1rios (vacinas, seringas e agulhas) para as Ger\u00eancias Regionais de Sa\u00fade e esta faz a reparti\u00e7\u00e3o aos munic\u00edpios correspondentes. Lembramos que a vacina \u00e9 destinada, exclusivamente, para c\u00e3es e gatos a partir de tr\u00eas meses de idade e n\u00e3o tem contraindica\u00e7\u00e3o\u201d, explicou.<\/p>\n<p>Na Para\u00edba, a meta \u00e9 imunizar 820.532 mil animais, sendo 602.378 c\u00e3es e 218.154 gatos. Para isso, ser\u00e3o colocados \u00e0 disposi\u00e7\u00e3o da popula\u00e7\u00e3o mais de 800 postos de vacina\u00e7\u00e3o espalhados nos 223 munic\u00edpios do estado, que funcionar\u00e3o das 8h \u00e0s 17h, no dia D de Vacina\u00e7\u00e3o, mobilizando aproximadamente seis mil profissionais de sa\u00fade.<\/p>\n<p>Desde 2008, o Programa Nacional de Imuniza\u00e7\u00e3o do Minist\u00e9rio da Sa\u00fade disponibiliza a Vacina de Cultivo Celular para c\u00e3es e gatos, que tem uma melhor resposta imunol\u00f3gica e a\u00e7\u00e3o mais duradoura, sendo uma a\u00e7\u00e3o pactuada junto \u00e0 tripartite e que faz parte do Plano de Elimina\u00e7\u00e3o da Raiva Humana transmitida por c\u00e3es, principal fonte de infec\u00e7\u00e3o no ciclo urbano.<\/p>\n<p>Todas as Ger\u00eancias Regionais de Sa\u00fade e o N\u00edvel Central estar\u00e3o de plant\u00e3o no dia 31 de agosto \u2013 dia D de Vacina\u00e7\u00e3o \u2013 dando suporte aos munic\u00edpios quanto aos insumos e d\u00favidas que possam acontecer.<\/p>\n<p>\u201cVale ressaltar que o \u00faltimo caso de raiva canina ocorrido na Para\u00edba foi em 2021 e na campanha ser\u00e3o utilizadas seringas e agulhas descart\u00e1veis na propor\u00e7\u00e3o de uma seringa e uma agulha para cada animal vacinado, propiciando uma melhor qualidade no servi\u00e7o, evitando poss\u00edveis contamina\u00e7\u00f5es\u201d, refor\u00e7ou Assis Azevedo.<\/p>\n<p>A Para\u00edba n\u00e3o registra caso de raiva humana transmitida por c\u00e3es (Variante 1 e 2) h\u00e1 25 anos. Os \u00faltimos casos da doen\u00e7a na Para\u00edba em humanos ocorreram em 1999, cujo animal agressor foi o c\u00e3o, nos munic\u00edpios de Queimadas e Jo\u00e3o Pessoa.<\/p>\n<p>Os \u00faltimos casos de raiva humana ocorridos na Para\u00edba com variante de outras esp\u00e9cies animais foram em 2015, no munic\u00edpio de Jacara\u00fa, onde o animal envolvido no acidente foi um felino, por\u00e9m o v\u00edrus identificado foi o da Variante 3, oriundo dos morcegos hemat\u00f3fagos e o outro foi no ano de 2020 no munic\u00edpio de Riacho dos Cavalos, tendo como animal agressor a raposa, da Variante oriunda dos can\u00eddeos silvestre.<\/p>\n<p>Como identificar a raiva nos c\u00e3es \u2013 Alguns sinais podem indicar a ocorr\u00eancia de raiva em c\u00e3es, como anorexia, febre, agita\u00e7\u00e3o, disfagia, desaten\u00e7\u00e3o, eleva\u00e7\u00e3o da temperatura, aumento das pupilas e principalmente altera\u00e7\u00e3o de comportamento. Conforme a doen\u00e7a se agrava, tamb\u00e9m \u00e9 poss\u00edvel perceber a dificuldade em engolir, saliva\u00e7\u00e3o em excesso, falta de coordena\u00e7\u00e3o das patas e paralisia, sendo facilmente atropelado e, por isso, recomendamos todo cuidado ao socorrer um animal atropelado. A partir dessa etapa, a raiva costuma evoluir rapidamente para o \u00f3bito.<\/p>\n<p>Orientamos a necessidade de procurar o servi\u00e7o de sa\u00fade mais pr\u00f3ximo da sua resid\u00eancia em todos os casos de agress\u00f5es por animais mam\u00edferos, \u00fanicos animais suscept\u00edveis ao v\u00edrus r\u00e1bico, transmitida ao homem, principalmente atrav\u00e9s da mordedura desde que estejam doentes (infectados), e \u00e9 caracterizada por um quadro neurol\u00f3gico que evolui para \u00f3bito em poucos dias.<\/p>\n<p>A doen\u00e7a \u2013 A raiva \u00e9 uma doen\u00e7a infecciosa aguda, de etiologia viral, transmitida ao homem por meio da mordedura, arranhadura, lambedura de mucosas ou pele lesionada por animais raivosos, provocando uma encefalite viral aguda. A transmiss\u00e3o ocorre quando o v\u00edrus r\u00e1bico existente na saliva do animal infectado penetra no organismo.<\/p>\n<p>A doen\u00e7a acomete o sistema nervoso central, levando ao \u00f3bito ap\u00f3s curta evolu\u00e7\u00e3o. \u00c9 letal em aproximadamente 100% dos casos, por ser causada por um v\u00edrus mortal, tanto para os homens quanto para os animais, e a \u00fanica forma de evit\u00e1-la \u00e9 pela vacina\u00e7\u00e3o anual, que n\u00e3o tem contraindica\u00e7\u00e3o.<\/p>\n<p>A vacina\u00e7\u00e3o anual de c\u00e3es e gatos \u00e9 eficaz na preven\u00e7\u00e3o da raiva nesses animais, o que consequentemente previne tamb\u00e9m a raiva para os humanos. Deve-se sempre evitar se aproximar de c\u00e3es e gatos sem donos, soltos nas ruas, n\u00e3o mexer ou toc\u00e1-los quando estiverem se alimentando, com crias ou mesmo dormindo.<\/p>\n","protected":false},"excerpt":{"rendered":"<p>A Secretaria de Estado da Sa\u00fade (SES), por meio da Ger\u00eancia Executiva de Vigil\u00e2ncia em Sa\u00fade, deu in\u00edcio aos preparativos para o dia D de Vacina\u00e7\u00e3o contra a Raiva Animal, que vai acontecer no dia 31 de agosto, em toda Para\u00edba. A iniciativa dos preparativos tem o objetivo de garantir que todos os munic\u00edpios do &hellip;<\/p>\n","protected":false},"author":1,"featured_media":98785,"comment_status":"open","ping_status":"open","sticky":false,"template":"","format":"standard","meta":{"footnotes":""},"categories":[15],"tags":[],"class_list":["post-122544","post","type-post","status-publish","format-standard","has-post-thumbnail","hentry","category-links"],"_links":{"self":[{"href":"https:\/\/iparaiba.com.br\/index.php\/wp-json\/wp\/v2\/posts\/122544","targetHints":{"allow":["GET"]}}],"collection":[{"href":"https:\/\/iparaiba.com.br\/index.php\/wp-json\/wp\/v2\/posts"}],"about":[{"href":"https:\/\/iparaiba.com.br\/index.php\/wp-json\/wp\/v2\/types\/post"}],"author":[{"embeddable":true,"href":"https:\/\/iparaiba.com.br\/index.php\/wp-json\/wp\/v2\/users\/1"}],"replies":[{"embeddable":true,"href":"https:\/\/iparaiba.com.br\/index.php\/wp-json\/wp\/v2\/comments?post=122544"}],"version-history":[{"count":0,"href":"https:\/\/iparaiba.com.br\/index.php\/wp-json\/wp\/v2\/posts\/122544\/revisions"}],"wp:featuredmedia":[{"embeddable":true,"href":"https:\/\/iparaiba.com.br\/index.php\/wp-json\/wp\/v2\/media\/98785"}],"wp:attachment":[{"href":"https:\/\/iparaiba.com.br\/index.php\/wp-json\/wp\/v2\/media?parent=122544"}],"wp:term":[{"taxonomy":"category","embeddable":true,"href":"https:\/\/iparaiba.com.br\/index.php\/wp-json\/wp\/v2\/categories?post=122544"},{"taxonomy":"post_tag","embeddable":true,"href":"https:\/\/iparaiba.com.br\/index.php\/wp-json\/wp\/v2\/tags?post=122544"}],"curies":[{"name":"wp","href":"https:\/\/api.w.org\/{rel}","templated":true}]}}