{"id":122510,"date":"2024-08-01T12:00:07","date_gmt":"2024-08-01T15:00:07","guid":{"rendered":"https:\/\/onordeste.com.br\/?p=122510"},"modified":"2024-08-01T12:00:07","modified_gmt":"2024-08-01T15:00:07","slug":"assinado-termo-para-implantacao-dos-servicos-da-defensoria-publica-em-casas-da-cidadania","status":"publish","type":"post","link":"https:\/\/iparaiba.com.br\/index.php\/2024\/08\/01\/assinado-termo-para-implantacao-dos-servicos-da-defensoria-publica-em-casas-da-cidadania\/","title":{"rendered":"Assinado termo para implanta\u00e7\u00e3o dos servi\u00e7os da Defensoria P\u00fablica em Casas da Cidadania"},"content":{"rendered":"<p>As Casas da Cidadania v\u00e3o passar a oferecer \u00e0 popula\u00e7\u00e3o paraibana os servi\u00e7os da Defensoria P\u00fablica da Uni\u00e3o (DPU). Para garantir esse benef\u00edcio, o Governo da Para\u00edba, por meio da Secretaria de Estado do Desenvolvimento Humano, assinou um Termo de Coopera\u00e7\u00e3o T\u00e9cnica com a DPU, na sede deste \u00f3rg\u00e3o, em Jo\u00e3o Pessoa.<\/p>\n<p>Com o Termo, fica assegurada, mediante colabora\u00e7\u00e3o entre a Defensoria P\u00fablica da Uni\u00e3o e o Estado da Para\u00edba, a orienta\u00e7\u00e3o jur\u00eddica, a promo\u00e7\u00e3o dos direitos humanos e a defesa, em todos os graus, judicial e extrajudicial, dos direitos individuais e coletivos, de forma integral e gratuita, aos mais necessitados.<\/p>\n<p>De acordo com o secret\u00e1rio-chefe do Governo do Estado da Para\u00edba, Roberto Paulino, o acordo vai beneficiar principalmente a popula\u00e7\u00e3o carente, que mais precisa. \u201cIsso realmente \u00e9 uma demonstra\u00e7\u00e3o de apre\u00e7o que o Governo tem com as pessoas vulner\u00e1veis\u201d, frisou Paulino.<\/p>\n","protected":false},"excerpt":{"rendered":"<p>As Casas da Cidadania v\u00e3o passar a oferecer \u00e0 popula\u00e7\u00e3o paraibana os servi\u00e7os da Defensoria P\u00fablica da Uni\u00e3o (DPU). Para garantir esse benef\u00edcio, o Governo da Para\u00edba, por meio da Secretaria de Estado do Desenvolvimento Humano, assinou um Termo de Coopera\u00e7\u00e3o T\u00e9cnica com a DPU, na sede deste \u00f3rg\u00e3o, em Jo\u00e3o Pessoa. Com o Termo, &hellip;<\/p>\n","protected":false},"author":1,"featured_media":101760,"comment_status":"open","ping_status":"open","sticky":false,"template":"","format":"standard","meta":{"footnotes":""},"categories":[7],"tags":[],"class_list":["post-122510","post","type-post","status-publish","format-standard","has-post-thumbnail","hentry","category-diversas"],"_links":{"self":[{"href":"https:\/\/iparaiba.com.br\/index.php\/wp-json\/wp\/v2\/posts\/122510","targetHints":{"allow":["GET"]}}],"collection":[{"href":"https:\/\/iparaiba.com.br\/index.php\/wp-json\/wp\/v2\/posts"}],"about":[{"href":"https:\/\/iparaiba.com.br\/index.php\/wp-json\/wp\/v2\/types\/post"}],"author":[{"embeddable":true,"href":"https:\/\/iparaiba.com.br\/index.php\/wp-json\/wp\/v2\/users\/1"}],"replies":[{"embeddable":true,"href":"https:\/\/iparaiba.com.br\/index.php\/wp-json\/wp\/v2\/comments?post=122510"}],"version-history":[{"count":1,"href":"https:\/\/iparaiba.com.br\/index.php\/wp-json\/wp\/v2\/posts\/122510\/revisions"}],"predecessor-version":[{"id":122545,"href":"https:\/\/iparaiba.com.br\/index.php\/wp-json\/wp\/v2\/posts\/122510\/revisions\/122545"}],"wp:featuredmedia":[{"embeddable":true,"href":"https:\/\/iparaiba.com.br\/index.php\/wp-json\/wp\/v2\/media\/101760"}],"wp:attachment":[{"href":"https:\/\/iparaiba.com.br\/index.php\/wp-json\/wp\/v2\/media?parent=122510"}],"wp:term":[{"taxonomy":"category","embeddable":true,"href":"https:\/\/iparaiba.com.br\/index.php\/wp-json\/wp\/v2\/categories?post=122510"},{"taxonomy":"post_tag","embeddable":true,"href":"https:\/\/iparaiba.com.br\/index.php\/wp-json\/wp\/v2\/tags?post=122510"}],"curies":[{"name":"wp","href":"https:\/\/api.w.org\/{rel}","templated":true}]}}