{"id":122506,"date":"2024-08-01T10:12:20","date_gmt":"2024-08-01T13:12:20","guid":{"rendered":"https:\/\/onordeste.com.br\/?p=122506"},"modified":"2024-08-01T10:12:20","modified_gmt":"2024-08-01T13:12:20","slug":"jpb-ja-tem-490-audiencias-agendadas","status":"publish","type":"post","link":"https:\/\/iparaiba.com.br\/index.php\/2024\/08\/01\/jpb-ja-tem-490-audiencias-agendadas\/","title":{"rendered":"JPB j\u00e1 tem 490 audi\u00eancias agendadas"},"content":{"rendered":"<p>A Coordenadoria da Mulher em Situa\u00e7\u00e3o de Viol\u00eancia Dom\u00e9stica e Familiar do Tribunal de Justi\u00e7a da Para\u00edba informou, na tarde desta ter\u00e7a-feira (30), que at\u00e9 agora, j\u00e1 recebeu 460 audi\u00eancias agendadas e tr\u00eas j\u00faris, para 27\u00aa edi\u00e7\u00e3o da Semana da Justi\u00e7a pela Paz em Casa, que ser\u00e1 realizada nos dias 19 a 23 de agosto. Esse n\u00famero \u00e9 relativo a 16 unidades judici\u00e1rias pertencentes a 15 comarcas.<\/p>\n<p>Contudo, ju\u00edzes e ju\u00edzas das 75 varas, com compet\u00eancia em viol\u00eancia dom\u00e9stica e Tribunais do J\u00fari (feminic\u00eddios), no Estado, podem participar do esfor\u00e7o concentrado enviando suas audi\u00eancias, sentenciando e decidindo feitos relacionados \u00e0 mat\u00e9ria.<\/p>\n<p>Comarcas que historicamente t\u00eam um quantitativo significativo de audi\u00eancias, como Campina Grande, Bayeux, Guarabira, Conde e Cajazeiras, ainda n\u00e3o enviaram as informa\u00e7\u00f5es, mas j\u00e1 confirmaram que v\u00e3o participar do mutir\u00e3o.<\/p>\n<p>Segundo a coordenadora da Mulher do TJPB, ju\u00edza Anna Carla Falc\u00e3o, durante a 26\u00aa edi\u00e7\u00e3o da Semana, promovida nos dias 4 e 8 de mar\u00e7o, foram realizadas 817 audi\u00eancias (preliminares e instrut\u00f3rias) de 40 unidades judici\u00e1rias, com 684 decis\u00f5es emitidas; 602 senten\u00e7as prolatadas e 343 despachos proferidos. \u201cNaquele esfor\u00e7o concentrado atuaram 40 magistrados e 153 servidores\u201d, informou a ju\u00edza.<\/p>\n<p>J\u00e1 a assessora da Coordenadoria da Mulher do Poder Judici\u00e1rio estadual, \u00c2ngela Ramalho, informou que foram registrados 2.446 atos judiciais executados, al\u00e9m de 512 medidas protetivas concedidas no per\u00edodo, promovendo a celeridade no julgamento de processos de viol\u00eancia dom\u00e9stica e feminic\u00eddios.<\/p>\n<p>Meta 8\u00a0\u2013 A Semana da Justi\u00e7a pela Paz em Casa \u00e9 promovida pelo Conselho Nacional de Justi\u00e7a (CNJ), em parceria com os tribunais de Justi\u00e7a estaduais, com o objetivo de ampliar a efetividade da Lei Maria da Penha, concentrando esfor\u00e7os para agilizar o andamento dos processos relacionados \u00e0 viol\u00eancia de g\u00eanero e d\u00e1 cumprimento \u00e0 Meta 8 do Conselho, voltada \u00e0 prioridade ao julgamento dos processos relacionados ao feminic\u00eddio e viol\u00eancia dom\u00e9stica e familiar contra as mulheres.<\/p>\n","protected":false},"excerpt":{"rendered":"<p>A Coordenadoria da Mulher em Situa\u00e7\u00e3o de Viol\u00eancia Dom\u00e9stica e Familiar do Tribunal de Justi\u00e7a da Para\u00edba informou, na tarde desta ter\u00e7a-feira (30), que at\u00e9 agora, j\u00e1 recebeu 460 audi\u00eancias agendadas e tr\u00eas j\u00faris, para 27\u00aa edi\u00e7\u00e3o da Semana da Justi\u00e7a pela Paz em Casa, que ser\u00e1 realizada nos dias 19 a 23 de agosto. &hellip;<\/p>\n","protected":false},"author":1,"featured_media":97948,"comment_status":"open","ping_status":"open","sticky":false,"template":"","format":"standard","meta":{"footnotes":""},"categories":[9],"tags":[],"class_list":["post-122506","post","type-post","status-publish","format-standard","has-post-thumbnail","hentry","category-justica"],"_links":{"self":[{"href":"https:\/\/iparaiba.com.br\/index.php\/wp-json\/wp\/v2\/posts\/122506","targetHints":{"allow":["GET"]}}],"collection":[{"href":"https:\/\/iparaiba.com.br\/index.php\/wp-json\/wp\/v2\/posts"}],"about":[{"href":"https:\/\/iparaiba.com.br\/index.php\/wp-json\/wp\/v2\/types\/post"}],"author":[{"embeddable":true,"href":"https:\/\/iparaiba.com.br\/index.php\/wp-json\/wp\/v2\/users\/1"}],"replies":[{"embeddable":true,"href":"https:\/\/iparaiba.com.br\/index.php\/wp-json\/wp\/v2\/comments?post=122506"}],"version-history":[{"count":0,"href":"https:\/\/iparaiba.com.br\/index.php\/wp-json\/wp\/v2\/posts\/122506\/revisions"}],"wp:featuredmedia":[{"embeddable":true,"href":"https:\/\/iparaiba.com.br\/index.php\/wp-json\/wp\/v2\/media\/97948"}],"wp:attachment":[{"href":"https:\/\/iparaiba.com.br\/index.php\/wp-json\/wp\/v2\/media?parent=122506"}],"wp:term":[{"taxonomy":"category","embeddable":true,"href":"https:\/\/iparaiba.com.br\/index.php\/wp-json\/wp\/v2\/categories?post=122506"},{"taxonomy":"post_tag","embeddable":true,"href":"https:\/\/iparaiba.com.br\/index.php\/wp-json\/wp\/v2\/tags?post=122506"}],"curies":[{"name":"wp","href":"https:\/\/api.w.org\/{rel}","templated":true}]}}