{"id":122504,"date":"2024-08-01T10:11:27","date_gmt":"2024-08-01T13:11:27","guid":{"rendered":"https:\/\/onordeste.com.br\/?p=122504"},"modified":"2024-08-01T10:11:27","modified_gmt":"2024-08-01T13:11:27","slug":"tce-suspende-pagamento-a-empresa-contratada","status":"publish","type":"post","link":"https:\/\/iparaiba.com.br\/index.php\/2024\/08\/01\/tce-suspende-pagamento-a-empresa-contratada\/","title":{"rendered":"TCE suspende pagamento \u00e0 empresa contratada"},"content":{"rendered":"<p>A 2\u00aa C\u00e2mara do Tribunal de Contas da Para\u00edba referendou medida cautelar expedida pelo conselheiro Andr\u00e9 Carlo Torres Pontes para suspens\u00e3o de pagamentos \u00e0 empresa Rio Piorini Servi\u00e7os de Conserva\u00e7\u00e3o e Limpeza Ltda. contratada pela Prefeitura de Bayeux para presta\u00e7\u00e3o de servi\u00e7os de manuten\u00e7\u00e3o predial. A decis\u00e3o decorreu do risco de dano irrepar\u00e1vel ao Er\u00e1rio.<\/p>\n<p>A empresa, sediada em Manaus, e a prefeita de Bayeux n\u00e3o compareceram aos autos para apresenta\u00e7\u00e3o de defesa no prazo assim estabelecido pelo conselheiro Andr\u00e9 Carlo, relator do processo analisado pelo \u00f3rg\u00e3o fracion\u00e1rio do TCE, na manh\u00e3 desta ter\u00e7a-feira (30). Houve cita\u00e7\u00e3o \u2013 tamb\u00e9m, sem resposta \u2013 ao gestor do contrato, ao secret\u00e1rio municipal da Educa\u00e7\u00e3o, ao diretor do Departamento de Tr\u00e2nsito e a dois gestores do Fundo Municipal de Sa\u00fade.<\/p>\n<p>A defesa deveria conter a rela\u00e7\u00e3o dos empregados envolvidos nos servi\u00e7os e a prova de cada v\u00ednculo com a empresa contratada, \u201csob pena de glosa da despesa e imputa\u00e7\u00e3o de d\u00e9bitos aos respons\u00e1veis\u201d. A Auditoria do Tribunal aponta, nesse caso, ind\u00edcios de superfaturamento j\u00e1 superior a R$ 760 mil. A Promotoria de Justi\u00e7a com atua\u00e7\u00e3o sobre o patrim\u00f4nio p\u00fablico de Bayeux est\u00e1 cientificada da decis\u00e3o.<\/p>\n<p>Tiveram a aprova\u00e7\u00e3o das contas de 2023 as C\u00e2maras de Vereadores de Assun\u00e7\u00e3o, Curral Velho, Bom Jesus, Barra de S\u00e3o Miguel, Amparo (com ressalvas) e Esperan\u00e7a (exerc\u00edcio de 2022). Tamb\u00e9m, o Fundo Municipal de Apoio aos Pequenos Neg\u00f3cios (2019).<\/p>\n<p>PESAR \u2013 Por unanimidade, a 2\u00aa C\u00e2mara aprovou Voto de Pesar proposto pelo conselheiro Andr\u00e9 Carlo em raz\u00e3o do recente falecimento, aos 54 anos, da fisioterapeuta L\u00edgia Claudino Moreira Pessoa, esposa do presidente da Associa\u00e7\u00e3o dos Servidores do Tribunal de Contas do Estado (Astcon) S\u00e9rgio Pessoa.<\/p>\n<p>Comp\u00f5em a 2\u00aa C\u00e2mara do TCE os conselheiros Andr\u00e9 Carlo Torres Pontes (presidente), Arn\u00f3bio Viana e Marcus Vin\u00edcius Carvalho Farias. O Minist\u00e9rio P\u00fablico de Contas esteve representado, excepcionalmente, pelo procurador geral Marc\u00edlio Toscano Franca Filho. A TV TCE-PB, Canal no YouTube, exibe os julgamentos presenciais e remotos.<\/p>\n","protected":false},"excerpt":{"rendered":"<p>A 2\u00aa C\u00e2mara do Tribunal de Contas da Para\u00edba referendou medida cautelar expedida pelo conselheiro Andr\u00e9 Carlo Torres Pontes para suspens\u00e3o de pagamentos \u00e0 empresa Rio Piorini Servi\u00e7os de Conserva\u00e7\u00e3o e Limpeza Ltda. contratada pela Prefeitura de Bayeux para presta\u00e7\u00e3o de servi\u00e7os de manuten\u00e7\u00e3o predial. A decis\u00e3o decorreu do risco de dano irrepar\u00e1vel ao Er\u00e1rio. &hellip;<\/p>\n","protected":false},"author":1,"featured_media":98793,"comment_status":"open","ping_status":"open","sticky":false,"template":"","format":"standard","meta":{"footnotes":""},"categories":[7],"tags":[],"class_list":["post-122504","post","type-post","status-publish","format-standard","has-post-thumbnail","hentry","category-diversas"],"_links":{"self":[{"href":"https:\/\/iparaiba.com.br\/index.php\/wp-json\/wp\/v2\/posts\/122504","targetHints":{"allow":["GET"]}}],"collection":[{"href":"https:\/\/iparaiba.com.br\/index.php\/wp-json\/wp\/v2\/posts"}],"about":[{"href":"https:\/\/iparaiba.com.br\/index.php\/wp-json\/wp\/v2\/types\/post"}],"author":[{"embeddable":true,"href":"https:\/\/iparaiba.com.br\/index.php\/wp-json\/wp\/v2\/users\/1"}],"replies":[{"embeddable":true,"href":"https:\/\/iparaiba.com.br\/index.php\/wp-json\/wp\/v2\/comments?post=122504"}],"version-history":[{"count":0,"href":"https:\/\/iparaiba.com.br\/index.php\/wp-json\/wp\/v2\/posts\/122504\/revisions"}],"wp:featuredmedia":[{"embeddable":true,"href":"https:\/\/iparaiba.com.br\/index.php\/wp-json\/wp\/v2\/media\/98793"}],"wp:attachment":[{"href":"https:\/\/iparaiba.com.br\/index.php\/wp-json\/wp\/v2\/media?parent=122504"}],"wp:term":[{"taxonomy":"category","embeddable":true,"href":"https:\/\/iparaiba.com.br\/index.php\/wp-json\/wp\/v2\/categories?post=122504"},{"taxonomy":"post_tag","embeddable":true,"href":"https:\/\/iparaiba.com.br\/index.php\/wp-json\/wp\/v2\/tags?post=122504"}],"curies":[{"name":"wp","href":"https:\/\/api.w.org\/{rel}","templated":true}]}}