{"id":122500,"date":"2024-07-27T11:37:09","date_gmt":"2024-07-27T14:37:09","guid":{"rendered":"https:\/\/onordeste.com.br\/?p=122442"},"modified":"2024-07-27T11:37:09","modified_gmt":"2024-07-27T14:37:09","slug":"bnb-integra-conselho-deliberativo-do-sebrae","status":"publish","type":"post","link":"https:\/\/iparaiba.com.br\/index.php\/2024\/07\/27\/bnb-integra-conselho-deliberativo-do-sebrae\/","title":{"rendered":"BNB integra Conselho Deliberativo do Sebrae"},"content":{"rendered":"<p>O superintendente do Banco do Nordeste na Para\u00edba, Rudrigo Ara\u00fajo, tomou posse no Conselho Deliberativo Estadual (CDE) do Sebrae da Para\u00edba, em reuni\u00e3o que ocorreu na manh\u00e3 desta sexta-feira, 26.<\/p>\n<p>A inst\u00e2ncia \u00e9 composta por 13 institui\u00e7\u00f5es que atuam para monitorar e validar as estrat\u00e9gias de atua\u00e7\u00e3o da entidade no estado.<\/p>\n<p>A posse ocorreu na sede estadual do CDE do Sebrae, em Jo\u00e3o Pessoa, sob a condu\u00e7\u00e3o do presidente do conselho, M\u00e1rio Borba.<\/p>\n<p>O Banco do Nordeste participa do CDE e contribui com a apresenta\u00e7\u00e3o e valida\u00e7\u00e3o de estrat\u00e9gias a serem adotadas pelo Sebrae- PB.<\/p>\n<p>Na ocasi\u00e3o, o superintendente ressaltou a parceria entre as institui\u00e7\u00f5es no sentido de efetivar o desenvolvimento sustent\u00e1vel do estado.<\/p>\n<p>\u201cNingu\u00e9m faz desenvolvimento sozinho. E para esse objetivo \u00e9 necess\u00e1rio que haja um arranjo institucional coeso e com a\u00e7\u00f5es coordenadas, o que se materializa no Conselho Deliberativo do Sebrae\u201d, destacou Rudrigo Ara\u00fajo.<\/p>\n<p>O CDE tem entre os participantes institui\u00e7\u00f5es financeiras, Universidade Federal da Para\u00edba (UFPB), Federa\u00e7\u00e3o da Agricultura e Pecu\u00e1ria da Para\u00edba (Faepa), Federa\u00e7\u00e3o das Associa\u00e7\u00f5es Comerciais e Empresariais da Para\u00edba (FacePB), Funda\u00e7\u00e3o de Apoio \u00e0 Pesquisa do Estado da Para\u00edba (Fapesq), Federa\u00e7\u00e3o do Com\u00e9rcio de Bens e de Servi\u00e7os do Estado da Para\u00edba (Fecom\u00e9rcio), Federa\u00e7\u00e3o das Ind\u00fastrias do Estado da Para\u00edba (Fiepb), Superintend\u00eancia do Desenvolvimento do Nordeste (Sudene) e Sebrae Nacional.<\/p>\n","protected":false},"excerpt":{"rendered":"<p>O superintendente do Banco do Nordeste na Para\u00edba, Rudrigo Ara\u00fajo, tomou posse no Conselho Deliberativo Estadual (CDE) do Sebrae da Para\u00edba, em reuni\u00e3o que ocorreu na manh\u00e3 desta sexta-feira, 26. A inst\u00e2ncia \u00e9 composta por 13 institui\u00e7\u00f5es que atuam para monitorar e validar as estrat\u00e9gias de atua\u00e7\u00e3o da entidade no estado. A posse ocorreu na &hellip;<\/p>\n","protected":false},"author":1,"featured_media":98758,"comment_status":"open","ping_status":"open","sticky":false,"template":"","format":"standard","meta":{"footnotes":""},"categories":[16],"tags":[],"class_list":["post-122500","post","type-post","status-publish","format-standard","has-post-thumbnail","hentry","category-economia"],"_links":{"self":[{"href":"https:\/\/iparaiba.com.br\/index.php\/wp-json\/wp\/v2\/posts\/122500","targetHints":{"allow":["GET"]}}],"collection":[{"href":"https:\/\/iparaiba.com.br\/index.php\/wp-json\/wp\/v2\/posts"}],"about":[{"href":"https:\/\/iparaiba.com.br\/index.php\/wp-json\/wp\/v2\/types\/post"}],"author":[{"embeddable":true,"href":"https:\/\/iparaiba.com.br\/index.php\/wp-json\/wp\/v2\/users\/1"}],"replies":[{"embeddable":true,"href":"https:\/\/iparaiba.com.br\/index.php\/wp-json\/wp\/v2\/comments?post=122500"}],"version-history":[{"count":0,"href":"https:\/\/iparaiba.com.br\/index.php\/wp-json\/wp\/v2\/posts\/122500\/revisions"}],"wp:featuredmedia":[{"embeddable":true,"href":"https:\/\/iparaiba.com.br\/index.php\/wp-json\/wp\/v2\/media\/98758"}],"wp:attachment":[{"href":"https:\/\/iparaiba.com.br\/index.php\/wp-json\/wp\/v2\/media?parent=122500"}],"wp:term":[{"taxonomy":"category","embeddable":true,"href":"https:\/\/iparaiba.com.br\/index.php\/wp-json\/wp\/v2\/categories?post=122500"},{"taxonomy":"post_tag","embeddable":true,"href":"https:\/\/iparaiba.com.br\/index.php\/wp-json\/wp\/v2\/tags?post=122500"}],"curies":[{"name":"wp","href":"https:\/\/api.w.org\/{rel}","templated":true}]}}