{"id":122498,"date":"2024-07-27T11:34:19","date_gmt":"2024-07-27T14:34:19","guid":{"rendered":"https:\/\/onordeste.com.br\/?p=122438"},"modified":"2024-07-27T11:34:19","modified_gmt":"2024-07-27T14:34:19","slug":"expotec-2024-alpb-premiara-municipios-com-destaque-em-indices-de-desenvolvimento-sustentavel","status":"publish","type":"post","link":"https:\/\/iparaiba.com.br\/index.php\/2024\/07\/27\/expotec-2024-alpb-premiara-municipios-com-destaque-em-indices-de-desenvolvimento-sustentavel\/","title":{"rendered":"Expotec 2024: ALPB premiar\u00e1 munic\u00edpios com destaque em \u00edndices de Desenvolvimento Sustent\u00e1vel"},"content":{"rendered":"<p>A Assembleia Legislativa da Para\u00edba (ALPB) participar\u00e1 da Expotec 2024, que acontece nos dias 06 a 09 de agosto, no Centro de Conven\u00e7\u00f5es de Jo\u00e3o Pessoa, com o tema \u2018Sustentabilidade Digital: Inova\u00e7\u00e3o para um Futuro Vi\u00e1vel\u2019. Durante o evento, a Casa Epit\u00e1cio Pessoa vai reconhecer e premiar os munic\u00edpios paraibanos que se destacaram e obtiveram os melhores \u00edndices de Desenvolvimento Sustent\u00e1vel (IDS) em suas respectivas regi\u00f5es geoadministrativas, de acordo com os indicadores monitorados pela Plataforma de Territorializa\u00e7\u00e3o dos Objetivos do Desenvolvimento Sustent\u00e1vel na Para\u00edba (ODS-PB).<\/p>\n<p>O presidente da Casa, Adriano Galdino, ressaltou que a premia\u00e7\u00e3o \u00e9 uma iniciativa da ALPB em parceria com diversas institui\u00e7\u00f5es, visando incentivar a ado\u00e7\u00e3o de pr\u00e1ticas sustent\u00e1veis em todo o Estado. \u201cN\u00f3s teremos um stand montado no evento, onde ser\u00e1 apresentada a plataforma da ODS-PB com os \u00edndices de desenvolvimento sustent\u00e1vel de cada munic\u00edpio. No dia 09 de agosto, \u00e0s 16:30, entregaremos a Comenda Munic\u00edpio Sustent\u00e1vel e o Selo Munic\u00edpio Sustent\u00e1vel aos tr\u00eas munic\u00edpios que obtiveram os melhores indicadores das 14 micro regi\u00f5es, ou seja, ser\u00e3o premiados 42 munic\u00edpios\u201d, informou o presidente.<\/p>\n<p>A \u201cComenda Munic\u00edpio Sustent\u00e1vel\u201d e o \u201cSelo Munic\u00edpio Sustent\u00e1vel&#8221; no \u00e2mbito da Assembleia Legislativa \u00e9 uma medida inovadora e tem como objetivo reconhecer e premiar os gestores municipais e os respectivos munic\u00edpios paraibanos com os melhores \u00cdndices de Desenvolvimento Sustent\u00e1vel \u2013 IDS, nas regi\u00f5es geoadministrativas a que pertencem, a partir dos indicadores.<\/p>\n<p><strong>Assembleia Cidad\u00e3<\/strong><\/p>\n<p>A ALPB recebeu este ano o pr\u00eamio Assembleia Cidad\u00e3, com o projeto do Plano de Ades\u00e3o da Casa \u00e0 Agenda 2030 da ONU (Objetivos do Desenvolvimento Sustent\u00e1vel), que tornou o Legislativo paraibano pioneiro entre o poder legislativo do Brasil nesta iniciativa. O projeto foi elaborado e idealizado pelo ex-deputado Buba Germano e pelo ex-secret\u00e1rio Legislativo da Assembleia, Guilherme Ben\u00edcio (in memoriam).<\/p>\n<p>A Agenda 2030 \u00e9 um plano de a\u00e7\u00e3o global para colocar o mundo em um caminho mais sustent\u00e1vel e resiliente at\u00e9 2030. O plano indica 17 Objetivos de Desenvolvimento Sustent\u00e1vel, os ODS, e 169 metas para erradicar a pobreza e promover vida digna para todos, dentro dos limites do planeta. O documento foi elaborado e aprovado pela Assembleia Geral das Na\u00e7\u00f5es Unidas, realizada em Nova York (EUA), em setembro de 2015, com a participa\u00e7\u00e3o de 193 estados membros.<\/p>\n","protected":false},"excerpt":{"rendered":"<p>A Assembleia Legislativa da Para\u00edba (ALPB) participar\u00e1 da Expotec 2024, que acontece nos dias 06 a 09 de agosto, no Centro de Conven\u00e7\u00f5es de Jo\u00e3o Pessoa, com o tema \u2018Sustentabilidade Digital: Inova\u00e7\u00e3o para um Futuro Vi\u00e1vel\u2019. Durante o evento, a Casa Epit\u00e1cio Pessoa vai reconhecer e premiar os munic\u00edpios paraibanos que se destacaram e obtiveram &hellip;<\/p>\n","protected":false},"author":1,"featured_media":115192,"comment_status":"open","ping_status":"open","sticky":false,"template":"","format":"standard","meta":{"footnotes":""},"categories":[15],"tags":[],"class_list":["post-122498","post","type-post","status-publish","format-standard","has-post-thumbnail","hentry","category-links"],"_links":{"self":[{"href":"https:\/\/iparaiba.com.br\/index.php\/wp-json\/wp\/v2\/posts\/122498","targetHints":{"allow":["GET"]}}],"collection":[{"href":"https:\/\/iparaiba.com.br\/index.php\/wp-json\/wp\/v2\/posts"}],"about":[{"href":"https:\/\/iparaiba.com.br\/index.php\/wp-json\/wp\/v2\/types\/post"}],"author":[{"embeddable":true,"href":"https:\/\/iparaiba.com.br\/index.php\/wp-json\/wp\/v2\/users\/1"}],"replies":[{"embeddable":true,"href":"https:\/\/iparaiba.com.br\/index.php\/wp-json\/wp\/v2\/comments?post=122498"}],"version-history":[{"count":0,"href":"https:\/\/iparaiba.com.br\/index.php\/wp-json\/wp\/v2\/posts\/122498\/revisions"}],"wp:featuredmedia":[{"embeddable":true,"href":"https:\/\/iparaiba.com.br\/index.php\/wp-json\/wp\/v2\/media\/115192"}],"wp:attachment":[{"href":"https:\/\/iparaiba.com.br\/index.php\/wp-json\/wp\/v2\/media?parent=122498"}],"wp:term":[{"taxonomy":"category","embeddable":true,"href":"https:\/\/iparaiba.com.br\/index.php\/wp-json\/wp\/v2\/categories?post=122498"},{"taxonomy":"post_tag","embeddable":true,"href":"https:\/\/iparaiba.com.br\/index.php\/wp-json\/wp\/v2\/tags?post=122498"}],"curies":[{"name":"wp","href":"https:\/\/api.w.org\/{rel}","templated":true}]}}